{"id":1138,"date":"2014-06-27T14:51:45","date_gmt":"2014-06-27T14:51:45","guid":{"rendered":"http:\/\/blogs.hoy.es\/moterosdehoy\/?p=1138"},"modified":"2014-06-27T14:51:45","modified_gmt":"2014-06-27T14:51:45","slug":"quedada-motera-en-herrera-del-duque","status":"publish","type":"post","link":"https:\/\/blogs.hoy.es\/moterosdehoy\/2014\/06\/27\/quedada-motera-en-herrera-del-duque\/","title":{"rendered":"Quedada motera en Herrera del Duque"},"content":{"rendered":"<p>El domingo <strong>29 de junio 2014<\/strong> los amigos del &#8220;Deliada Club&#8221; de <a title=\"Herrera del Duque en wikipedia\" href=\"http:\/\/es.wikipedia.org\/wiki\/Herrera_del_Duque\" target=\"_blank\" rel=\"external nofollow\">Herrera del Duque<\/a>, organizan una &#8220;Fiesta Motera&#8221; conmemorativa XIX edici\u00f3n, bajo el nombre de &#8220;El Ciervo Alado&#8221;, por supuesto en su localidad.<\/p>\n<div id=\"attachment_1139\" style=\"width: 208px\" class=\"wp-caption alignleft\"><a href=\"\/moterosdehoy\/wp-content\/uploads\/sites\/45\/2014\/06\/Ciervo-alado.jpg\"><img aria-describedby=\"caption-attachment-1139\" loading=\"lazy\" class=\"size-medium wp-image-1139\" title=\"Ciervo alado\" src=\"\/moterosdehoy\/wp-content\/uploads\/sites\/45\/2014\/06\/Ciervo-alado.jpg\" alt=\"\" width=\"198\" height=\"300\" srcset=\"https:\/\/static-blogs.hoy.es\/wp-content\/uploads\/sites\/45\/2014\/06\/Ciervo-alado.jpg 595w, https:\/\/static-blogs.hoy.es\/wp-content\/uploads\/sites\/45\/2014\/06\/Ciervo-alado-198x300.jpg 198w\" sizes=\"(max-width: 198px) 100vw, 198px\" \/><\/a><p id=\"caption-attachment-1139\" class=\"wp-caption-text\">Cartel del evento<\/p><\/div>\n<p>Desde las 09:0o hasta las 11:00 horas, tendr\u00e1n las inscripciones abiertas en la Plaza de Espa\u00f1a, con la correspondiente entrega de una bolsa de bienvenida por el <strong>precio de 5\u20ac<\/strong>.<\/p>\n<p>Con la inscripci\u00f3n tendr\u00e1s derecho a:<\/p>\n<ul>\n<li>Desayuno, migas extreme\u00f1as y caf\u00e9.<\/li>\n<li>Recorrido tur\u00edstico, con degustaciones y diversas actividades.<\/li>\n<li>Fiesta motera, m\u00fasica, concierto, regalos&#8230;<\/li>\n<li>Comida, caldereta extreme\u00f1a.<\/li>\n<\/ul>\n<p>Adem\u00e1s los que llegu\u00e9is el s\u00e1bado tendr\u00e1n una cena degustaci\u00f3n.<\/p>\n<p>Un buen lugar para realizar una quedada motera, pues en el entorno de la localidad hay muy buenas carreteras para nuestras m\u00e1quinas, tanto por el buen asfalto, como por el paisaje y las curvitas.<\/p>\n<p>Herrera del Duque es una localidad de Extremadura situada a algo menos de 140km de la Capital auton\u00f3mica, unos 150km de C\u00e1ceres y algo m\u00e1s de 190 de Badajoz, su capital de provincia.<\/p>\n<p>Saludos y r\u00e1fagas.<\/p>\n<!-- AddThis Advanced Settings generic via filter on the_content --><!-- AddThis Share Buttons generic via filter on the_content -->","protected":false},"excerpt":{"rendered":"<p>El domingo 29 de junio 2014 los amigos del &#8220;Deliada Club&#8221; de Herrera del Duque, organizan una &#8220;Fiesta Motera&#8221; conmemorativa XIX edici\u00f3n, bajo el nombre de &#8220;El Ciervo Alado&#8221;, por supuesto en su localidad. Desde las 09:0o hasta las 11:00 horas, tendr\u00e1n las inscripciones abiertas en la Plaza de Espa\u00f1a, con la correspondiente entrega de [&hellip;]<!-- AddThis Advanced Settings generic via filter on get_the_excerpt --><!-- AddThis Share Buttons generic via filter on get_the_excerpt --><\/p>\n","protected":false},"author":49,"featured_media":0,"comment_status":"open","ping_status":"closed","sticky":false,"template":"","format":"standard","meta":[],"categories":[13],"tags":[357,613,622,624,820],"_links":{"self":[{"href":"https:\/\/blogs.hoy.es\/moterosdehoy\/wp-json\/wp\/v2\/posts\/1138"}],"collection":[{"href":"https:\/\/blogs.hoy.es\/moterosdehoy\/wp-json\/wp\/v2\/posts"}],"about":[{"href":"https:\/\/blogs.hoy.es\/moterosdehoy\/wp-json\/wp\/v2\/types\/post"}],"author":[{"embeddable":true,"href":"https:\/\/blogs.hoy.es\/moterosdehoy\/wp-json\/wp\/v2\/users\/49"}],"replies":[{"embeddable":true,"href":"https:\/\/blogs.hoy.es\/moterosdehoy\/wp-json\/wp\/v2\/comments?post=1138"}],"version-history":[{"count":0,"href":"https:\/\/blogs.hoy.es\/moterosdehoy\/wp-json\/wp\/v2\/posts\/1138\/revisions"}],"wp:attachment":[{"href":"https:\/\/blogs.hoy.es\/moterosdehoy\/wp-json\/wp\/v2\/media?parent=1138"}],"wp:term":[{"taxonomy":"category","embeddable":true,"href":"https:\/\/blogs.hoy.es\/moterosdehoy\/wp-json\/wp\/v2\/categories?post=1138"},{"taxonomy":"post_tag","embeddable":true,"href":"https:\/\/blogs.hoy.es\/moterosdehoy\/wp-json\/wp\/v2\/tags?post=1138"}],"curies":[{"name":"wp","href":"https:\/\/api.w.org\/{rel}","templated":true}]}}