{"id":1141,"date":"2014-06-27T17:47:52","date_gmt":"2014-06-27T17:47:52","guid":{"rendered":"http:\/\/blogs.hoy.es\/moterosdehoy\/?p=1141"},"modified":"2014-06-27T17:47:52","modified_gmt":"2014-06-27T17:47:52","slug":"quedada-motera-aceuchal","status":"publish","type":"post","link":"https:\/\/blogs.hoy.es\/moterosdehoy\/2014\/06\/27\/quedada-motera-aceuchal\/","title":{"rendered":"Quedada motera en Aceuchal"},"content":{"rendered":"<p>El domingo d\u00eda <strong>29 de junio<\/strong> 2014 la <a title=\"Enlace al facebook de los Confederados\" href=\"https:\/\/es-es.facebook.com\/pages\/Confederados-de-Santa-Marta\/129008987167868\" target=\"_blank\" rel=\"external nofollow\">pe\u00f1a motera &#8220;Confederados&#8221;<\/a> de <a title=\"Santa Marta en wikipedia\" href=\"http:\/\/es.wikipedia.org\/wiki\/Santa_Marta_(Badajoz)\" target=\"_blank\" rel=\"external nofollow\">Santa Marta<\/a>, en uni\u00f3n de &#8221; el Horno&#8221; de <a title=\"Aceuchal en wikipedia\" href=\"http:\/\/es.wikipedia.org\/wiki\/Aceuchal\" target=\"_blank\" rel=\"external nofollow\">Aceuchal<\/a>, han organizado una quedada motera con ruta desde su Santa Marta hasta Aceuchal, ambas localidades de la provincia de Badajoz.<\/p>\n<div id=\"attachment_1142\" style=\"width: 221px\" class=\"wp-caption alignleft\"><a href=\"\/moterosdehoy\/wp-content\/uploads\/sites\/45\/2014\/06\/la-foto-11.jpg\"><img aria-describedby=\"caption-attachment-1142\" loading=\"lazy\" class=\"size-medium wp-image-1142\" title=\"la foto (11)\" src=\"\/moterosdehoy\/wp-content\/uploads\/sites\/45\/2014\/06\/la-foto-11.jpg\" alt=\"\" width=\"211\" height=\"300\" srcset=\"https:\/\/static-blogs.hoy.es\/wp-content\/uploads\/sites\/45\/2014\/06\/la-foto-11.jpg 565w, https:\/\/static-blogs.hoy.es\/wp-content\/uploads\/sites\/45\/2014\/06\/la-foto-11-212x300.jpg 212w\" sizes=\"(max-width: 211px) 100vw, 211px\" \/><\/a><p id=\"caption-attachment-1142\" class=\"wp-caption-text\">Cartel del evento<\/p><\/div>\n<p>En \u00e9sta ocasi\u00f3n es la &#8220;II Quedada motera en Aceuchal&#8221; y tendr\u00e1n preparado para los moteros<strong> comida GRATIS y tercios de cerveza a 1\u20ac<\/strong>.<\/p>\n<p>Si est\u00e1s interesado en acudir te puedes unir a ellos en Santa Marta, donde estar\u00e1n reunidos en la Churrer\u00eda Candy, para iniciar la ruta por pueblos cercanos hasta finalizar en Aceuchal, donde continuar\u00e1 el buen ambiente motero.<\/p>\n<p>Para los que decid\u00e1is acudir directamente a Aceuchal, tener en cuenta que tienen prevista la llegada a el Horno sobre las 13:00 horas, as\u00ed que no os impacient\u00e9is.<\/p>\n<p>Saludos y r\u00e1fagas.<\/p>\n<!-- AddThis Advanced Settings generic via filter on the_content --><!-- AddThis Share Buttons generic via filter on the_content -->","protected":false},"excerpt":{"rendered":"<p>El domingo d\u00eda 29 de junio 2014 la pe\u00f1a motera &#8220;Confederados&#8221; de Santa Marta, en uni\u00f3n de &#8221; el Horno&#8221; de Aceuchal, han organizado una quedada motera con ruta desde su Santa Marta hasta Aceuchal, ambas localidades de la provincia de Badajoz. En \u00e9sta ocasi\u00f3n es la &#8220;II Quedada motera en Aceuchal&#8221; y tendr\u00e1n preparado [&hellip;]<!-- AddThis Advanced Settings generic via filter on get_the_excerpt --><!-- AddThis Share Buttons generic via filter on get_the_excerpt --><\/p>\n","protected":false},"author":49,"featured_media":0,"comment_status":"open","ping_status":"closed","sticky":false,"template":"","format":"standard","meta":[],"categories":[13],"tags":[490,613,622,624,668,761],"_links":{"self":[{"href":"https:\/\/blogs.hoy.es\/moterosdehoy\/wp-json\/wp\/v2\/posts\/1141"}],"collection":[{"href":"https:\/\/blogs.hoy.es\/moterosdehoy\/wp-json\/wp\/v2\/posts"}],"about":[{"href":"https:\/\/blogs.hoy.es\/moterosdehoy\/wp-json\/wp\/v2\/types\/post"}],"author":[{"embeddable":true,"href":"https:\/\/blogs.hoy.es\/moterosdehoy\/wp-json\/wp\/v2\/users\/49"}],"replies":[{"embeddable":true,"href":"https:\/\/blogs.hoy.es\/moterosdehoy\/wp-json\/wp\/v2\/comments?post=1141"}],"version-history":[{"count":0,"href":"https:\/\/blogs.hoy.es\/moterosdehoy\/wp-json\/wp\/v2\/posts\/1141\/revisions"}],"wp:attachment":[{"href":"https:\/\/blogs.hoy.es\/moterosdehoy\/wp-json\/wp\/v2\/media?parent=1141"}],"wp:term":[{"taxonomy":"category","embeddable":true,"href":"https:\/\/blogs.hoy.es\/moterosdehoy\/wp-json\/wp\/v2\/categories?post=1141"},{"taxonomy":"post_tag","embeddable":true,"href":"https:\/\/blogs.hoy.es\/moterosdehoy\/wp-json\/wp\/v2\/tags?post=1141"}],"curies":[{"name":"wp","href":"https:\/\/api.w.org\/{rel}","templated":true}]}}