{"id":1145,"date":"2014-07-02T18:59:52","date_gmt":"2014-07-02T18:59:52","guid":{"rendered":"http:\/\/blogs.hoy.es\/moterosdehoy\/?p=1145"},"modified":"2014-07-02T18:59:52","modified_gmt":"2014-07-02T18:59:52","slug":"calzadilla-de-los-barros-quiere-motos","status":"publish","type":"post","link":"https:\/\/blogs.hoy.es\/moterosdehoy\/2014\/07\/02\/calzadilla-de-los-barros-quiere-motos\/","title":{"rendered":"Calzadilla de los Barros quiere motos"},"content":{"rendered":"<p>En \u00e9sta ocasi\u00f3n os traigo un evento, por llamarlo de alg\u00fan modo, muy diferente. <strong>No es una concentraci\u00f3n motera<\/strong>, ni una gran quedada en la que se pinchen barriles de cerveza, sin alcohol por supuesto, pero<strong> es una cuesti\u00f3n totalmente solidaria<\/strong> y somos moteros los que la llevamos a cabo.<\/p>\n<div id=\"attachment_1146\" style=\"width: 310px\" class=\"wp-caption alignleft\"><a href=\"\/moterosdehoy\/wp-content\/uploads\/sites\/45\/2014\/07\/053.jpg\"><img aria-describedby=\"caption-attachment-1146\" loading=\"lazy\" class=\"size-medium wp-image-1146\" title=\"My beautiful picture\" src=\"\/moterosdehoy\/wp-content\/uploads\/sites\/45\/2014\/07\/053.jpg\" alt=\"\" width=\"300\" height=\"225\" srcset=\"https:\/\/static-blogs.hoy.es\/wp-content\/uploads\/sites\/45\/2014\/07\/053.jpg 2048w, https:\/\/static-blogs.hoy.es\/wp-content\/uploads\/sites\/45\/2014\/07\/053-300x225.jpg 300w, https:\/\/static-blogs.hoy.es\/wp-content\/uploads\/sites\/45\/2014\/07\/053-768x576.jpg 768w, https:\/\/static-blogs.hoy.es\/wp-content\/uploads\/sites\/45\/2014\/07\/053-1024x768.jpg 1024w\" sizes=\"(max-width: 300px) 100vw, 300px\" \/><\/a><p id=\"caption-attachment-1146\" class=\"wp-caption-text\">Chicos de \u00c1ngeles Urbanos<\/p><\/div>\n<p>Se trata de ir a <a title=\"Calzadilla de los Barros en wikipedia\" href=\"http:\/\/es.wikipedia.org\/wiki\/Calzadilla_de_los_Barros\" target=\"_blank\" rel=\"external nofollow\">Calzadilla de los Barros<\/a> (Badajoz), donde en el albergue de la localidad estar\u00e1 un grupo de chicos disminuidos ps\u00edquicos pertenecientes a la <a title=\"Asociaci\u00f3n \u00c1ngeles Urbanos\" href=\"http:\/\/www.angelesurbanos.org.es\/\" target=\"_blank\" rel=\"external nofollow\">Asociaci\u00f3n \u00c1ngeles Urbanos<\/a>, de Madrid. <!--more-->Dicho grupo est\u00e1 formado por chicos en desamparo y la idea es pasar un rato con ellos, a los que les encantan las motos, para pasar un buen rato de convivencia, ense\u00f1\u00e1ndoles nuestras motos, permitiendo que se acerquen a ellas, se monten, ver sus sonrisas&#8230;<\/p>\n<p>\u00c9sta iniciativa se lleva realizando ya hace varios a\u00f1os y algunos de los moteros que acuden repetidamente son los organizadores para poder asistir todos unidos en un determinado momento. Ese grupo de moteros, pertenecientes a Badajoz, recientemente se han organizado como Asociaci\u00f3n Tur\u00edstico Cultural, con el nombre de <strong>RENEGADOS<\/strong>.<\/p>\n<div id=\"attachment_1147\" style=\"width: 268px\" class=\"wp-caption alignright\"><a href=\"\/moterosdehoy\/wp-content\/uploads\/sites\/45\/2014\/07\/RENEGADOS.jpg\"><img aria-describedby=\"caption-attachment-1147\" loading=\"lazy\" class=\"size-medium wp-image-1147\" title=\"RENEGADOS\" src=\"\/moterosdehoy\/wp-content\/uploads\/sites\/45\/2014\/07\/RENEGADOS.jpg\" alt=\"\" width=\"258\" height=\"300\" srcset=\"https:\/\/static-blogs.hoy.es\/wp-content\/uploads\/sites\/45\/2014\/07\/RENEGADOS.jpg 494w, https:\/\/static-blogs.hoy.es\/wp-content\/uploads\/sites\/45\/2014\/07\/RENEGADOS-258x300.jpg 258w\" sizes=\"(max-width: 258px) 100vw, 258px\" \/><\/a><p id=\"caption-attachment-1147\" class=\"wp-caption-text\">Logo de RENEGADOS<\/p><\/div>\n<p>Dicha asociaci\u00f3n est\u00e1 formada por ocho moteros, que aunque llevan solo un par de meses unidos, todos provienen de otros grupos o pe\u00f1as moteras, quiz\u00e1 provenga de ah\u00ed su nombre, pero desde luego, con actitudes como \u00e9sta demuestran su inter\u00e9s por los m\u00e1s desvalidos de la sociedad.<\/p>\n<p>La idea de los RENEGADOS, es ir el<strong> domingo d\u00eda 6 de julio<\/strong>, para ello se reunir\u00e1n a las <strong>09:30 horas en el Bar Gran V\u00eda<\/strong>, de la Avd. Ricardo Carapeto (<strong>Badajoz<\/strong>), para desayunar y salir a las 10:00 h. Hasta la localidad de Calzadilla de los Barros, hay 93 kil\u00f3metros por lo que la hora prevista de llegada ser\u00e1 a las <strong>11:00 h. a la plaza de Calzadilla de los Barros<\/strong>, donde parar\u00e1n para agruparse con otros moteros que puedan acudir all\u00ed directamente.<\/p>\n<div id=\"attachment_1149\" style=\"width: 310px\" class=\"wp-caption alignleft\"><a href=\"\/moterosdehoy\/wp-content\/uploads\/sites\/45\/2014\/07\/la-foto-2-6.jpg\"><img aria-describedby=\"caption-attachment-1149\" loading=\"lazy\" class=\"size-medium wp-image-1149\" title=\"la foto 2 (6)\" src=\"\/moterosdehoy\/wp-content\/uploads\/sites\/45\/2014\/07\/la-foto-2-6.jpg\" alt=\"\" width=\"300\" height=\"168\" srcset=\"https:\/\/static-blogs.hoy.es\/wp-content\/uploads\/sites\/45\/2014\/07\/la-foto-2-6.jpg 980w, https:\/\/static-blogs.hoy.es\/wp-content\/uploads\/sites\/45\/2014\/07\/la-foto-2-6-300x169.jpg 300w, https:\/\/static-blogs.hoy.es\/wp-content\/uploads\/sites\/45\/2014\/07\/la-foto-2-6-768x432.jpg 768w\" sizes=\"(max-width: 300px) 100vw, 300px\" \/><\/a><p id=\"caption-attachment-1149\" class=\"wp-caption-text\">RENEGADOS<\/p><\/div>\n<p>Tras la convivencia el Alcalde de la localidad para agradecer el gesto, suele invitar a los moteros a alg\u00fan refrigerio para que antes de partir cada uno para su lugar tengan la oportunidad de comentar la experiencia vivida.<\/p>\n<p><strong>Se agradecer\u00e1 la aportaci\u00f3n de productos \u00a0l\u00e1cteos de soja<\/strong>, debido a la intolerancia a la lactosa de muchos de \u00e9stos chicos y no tener facilidad en su adquisici\u00f3n.<\/p>\n<p>Posteriormente se organizar\u00e1 otro d\u00eda, pues el grupo de la Asociaci\u00f3n \u00c1ngeles Urbanos viene en dos grupos.<\/p>\n<p>Aqu\u00ed os dejo unas fotos de a\u00f1os anteriores:<\/p>\n\n\t\t<style type=\"text\/css\">\n\t\t\t#gallery-1 {\n\t\t\t\tmargin: auto;\n\t\t\t}\n\t\t\t#gallery-1 .gallery-item {\n\t\t\t\tfloat: left;\n\t\t\t\tmargin-top: 10px;\n\t\t\t\ttext-align: center;\n\t\t\t\twidth: 33%;\n\t\t\t}\n\t\t\t#gallery-1 img {\n\t\t\t\tborder: 2px solid #cfcfcf;\n\t\t\t}\n\t\t\t#gallery-1 .gallery-caption {\n\t\t\t\tmargin-left: 0;\n\t\t\t}\n\t\t\t\/* see gallery_shortcode() in wp-includes\/media.php *\/\n\t\t<\/style>\n\t\t<div id='gallery-1' class='gallery galleryid-1145 gallery-columns-3 gallery-size-thumbnail'><dl class='gallery-item'>\n\t\t\t<dt class='gallery-icon landscape'>\n\t\t\t\t<a href=\"https:\/\/static-blogs.hoy.es\/wp-content\/uploads\/sites\/45\/2014\/07\/IMG_4290.jpg\"><img width=\"150\" height=\"150\" src=\"https:\/\/static-blogs.hoy.es\/wp-content\/uploads\/sites\/45\/2014\/07\/IMG_4290-150x150.jpg\" class=\"attachment-thumbnail size-thumbnail\" alt=\"\" loading=\"lazy\" \/><\/a>\n\t\t\t<\/dt><\/dl><dl class='gallery-item'>\n\t\t\t<dt class='gallery-icon landscape'>\n\t\t\t\t<a href=\"https:\/\/static-blogs.hoy.es\/wp-content\/uploads\/sites\/45\/2014\/07\/Calzadilla-009.jpg\"><img width=\"150\" height=\"150\" src=\"https:\/\/static-blogs.hoy.es\/wp-content\/uploads\/sites\/45\/2014\/07\/Calzadilla-009-150x150.jpg\" class=\"attachment-thumbnail size-thumbnail\" alt=\"\" loading=\"lazy\" \/><\/a>\n\t\t\t<\/dt><\/dl><dl class='gallery-item'>\n\t\t\t<dt class='gallery-icon landscape'>\n\t\t\t\t<a href=\"https:\/\/static-blogs.hoy.es\/wp-content\/uploads\/sites\/45\/2014\/07\/Calzadilla-008.jpg\"><img width=\"150\" height=\"150\" src=\"https:\/\/static-blogs.hoy.es\/wp-content\/uploads\/sites\/45\/2014\/07\/Calzadilla-008-150x150.jpg\" class=\"attachment-thumbnail size-thumbnail\" alt=\"\" loading=\"lazy\" \/><\/a>\n\t\t\t<\/dt><\/dl><br style=\"clear: both\" \/><dl class='gallery-item'>\n\t\t\t<dt class='gallery-icon landscape'>\n\t\t\t\t<a href=\"https:\/\/static-blogs.hoy.es\/wp-content\/uploads\/sites\/45\/2014\/07\/Calzadilla-007.jpg\"><img width=\"150\" height=\"150\" src=\"https:\/\/static-blogs.hoy.es\/wp-content\/uploads\/sites\/45\/2014\/07\/Calzadilla-007-150x150.jpg\" class=\"attachment-thumbnail size-thumbnail\" alt=\"\" loading=\"lazy\" \/><\/a>\n\t\t\t<\/dt><\/dl><dl class='gallery-item'>\n\t\t\t<dt class='gallery-icon landscape'>\n\t\t\t\t<a href=\"https:\/\/static-blogs.hoy.es\/wp-content\/uploads\/sites\/45\/2014\/07\/Calzadilla-006.jpg\"><img width=\"150\" height=\"150\" src=\"https:\/\/static-blogs.hoy.es\/wp-content\/uploads\/sites\/45\/2014\/07\/Calzadilla-006-150x150.jpg\" class=\"attachment-thumbnail size-thumbnail\" alt=\"\" loading=\"lazy\" \/><\/a>\n\t\t\t<\/dt><\/dl><dl class='gallery-item'>\n\t\t\t<dt class='gallery-icon landscape'>\n\t\t\t\t<a href=\"https:\/\/static-blogs.hoy.es\/wp-content\/uploads\/sites\/45\/2014\/07\/Calzadilla-005.jpg\"><img width=\"150\" height=\"150\" src=\"https:\/\/static-blogs.hoy.es\/wp-content\/uploads\/sites\/45\/2014\/07\/Calzadilla-005-150x150.jpg\" class=\"attachment-thumbnail size-thumbnail\" alt=\"\" loading=\"lazy\" \/><\/a>\n\t\t\t<\/dt><\/dl><br style=\"clear: both\" \/><dl class='gallery-item'>\n\t\t\t<dt class='gallery-icon landscape'>\n\t\t\t\t<a href=\"https:\/\/static-blogs.hoy.es\/wp-content\/uploads\/sites\/45\/2014\/07\/Calzadilla-004.jpg\"><img width=\"150\" height=\"150\" src=\"https:\/\/static-blogs.hoy.es\/wp-content\/uploads\/sites\/45\/2014\/07\/Calzadilla-004-150x150.jpg\" class=\"attachment-thumbnail size-thumbnail\" alt=\"\" loading=\"lazy\" \/><\/a>\n\t\t\t<\/dt><\/dl><dl class='gallery-item'>\n\t\t\t<dt class='gallery-icon landscape'>\n\t\t\t\t<a href=\"https:\/\/static-blogs.hoy.es\/wp-content\/uploads\/sites\/45\/2014\/07\/Calzadilla-003.jpg\"><img width=\"150\" height=\"150\" src=\"https:\/\/static-blogs.hoy.es\/wp-content\/uploads\/sites\/45\/2014\/07\/Calzadilla-003-150x150.jpg\" class=\"attachment-thumbnail size-thumbnail\" alt=\"\" loading=\"lazy\" \/><\/a>\n\t\t\t<\/dt><\/dl><dl class='gallery-item'>\n\t\t\t<dt class='gallery-icon landscape'>\n\t\t\t\t<a href=\"https:\/\/static-blogs.hoy.es\/wp-content\/uploads\/sites\/45\/2014\/07\/Calzadilla-002.jpg\"><img width=\"150\" height=\"150\" src=\"https:\/\/static-blogs.hoy.es\/wp-content\/uploads\/sites\/45\/2014\/07\/Calzadilla-002-150x150.jpg\" class=\"attachment-thumbnail size-thumbnail\" alt=\"\" loading=\"lazy\" \/><\/a>\n\t\t\t<\/dt><\/dl><br style=\"clear: both\" \/><dl class='gallery-item'>\n\t\t\t<dt class='gallery-icon landscape'>\n\t\t\t\t<a href=\"https:\/\/static-blogs.hoy.es\/wp-content\/uploads\/sites\/45\/2014\/07\/Calzadilla-001.jpg\"><img width=\"150\" height=\"150\" src=\"https:\/\/static-blogs.hoy.es\/wp-content\/uploads\/sites\/45\/2014\/07\/Calzadilla-001-150x150.jpg\" class=\"attachment-thumbnail size-thumbnail\" alt=\"\" loading=\"lazy\" \/><\/a>\n\t\t\t<\/dt><\/dl><dl class='gallery-item'>\n\t\t\t<dt class='gallery-icon landscape'>\n\t\t\t\t<a href=\"https:\/\/static-blogs.hoy.es\/wp-content\/uploads\/sites\/45\/2014\/07\/062.jpg\"><img width=\"150\" height=\"150\" src=\"https:\/\/static-blogs.hoy.es\/wp-content\/uploads\/sites\/45\/2014\/07\/062-150x150.jpg\" class=\"attachment-thumbnail size-thumbnail\" alt=\"\" loading=\"lazy\" \/><\/a>\n\t\t\t<\/dt><\/dl><dl class='gallery-item'>\n\t\t\t<dt class='gallery-icon landscape'>\n\t\t\t\t<a href=\"https:\/\/static-blogs.hoy.es\/wp-content\/uploads\/sites\/45\/2014\/07\/la-foto-2-6.jpg\"><img width=\"150\" height=\"150\" src=\"https:\/\/static-blogs.hoy.es\/wp-content\/uploads\/sites\/45\/2014\/07\/la-foto-2-6-150x150.jpg\" class=\"attachment-thumbnail size-thumbnail\" alt=\"\" loading=\"lazy\" aria-describedby=\"gallery-1-1149\" \/><\/a>\n\t\t\t<\/dt>\n\t\t\t\t<dd class='wp-caption-text gallery-caption' id='gallery-1-1149'>\n\t\t\t\tRENEGADOS\n\t\t\t\t<\/dd><\/dl><br style=\"clear: both\" \/><dl class='gallery-item'>\n\t\t\t<dt class='gallery-icon landscape'>\n\t\t\t\t<a href=\"https:\/\/static-blogs.hoy.es\/wp-content\/uploads\/sites\/45\/2014\/07\/RENEGADOS_.jpg\"><img width=\"150\" height=\"150\" src=\"https:\/\/static-blogs.hoy.es\/wp-content\/uploads\/sites\/45\/2014\/07\/RENEGADOS_-150x150.jpg\" class=\"attachment-thumbnail size-thumbnail\" alt=\"\" loading=\"lazy\" aria-describedby=\"gallery-1-1148\" \/><\/a>\n\t\t\t<\/dt>\n\t\t\t\t<dd class='wp-caption-text gallery-caption' id='gallery-1-1148'>\n\t\t\t\tRENEGADOS\n\t\t\t\t<\/dd><\/dl><dl class='gallery-item'>\n\t\t\t<dt class='gallery-icon portrait'>\n\t\t\t\t<a href=\"https:\/\/static-blogs.hoy.es\/wp-content\/uploads\/sites\/45\/2014\/07\/RENEGADOS.jpg\"><img width=\"150\" height=\"150\" src=\"https:\/\/static-blogs.hoy.es\/wp-content\/uploads\/sites\/45\/2014\/07\/RENEGADOS-150x150.jpg\" class=\"attachment-thumbnail size-thumbnail\" alt=\"\" loading=\"lazy\" aria-describedby=\"gallery-1-1147\" \/><\/a>\n\t\t\t<\/dt>\n\t\t\t\t<dd class='wp-caption-text gallery-caption' id='gallery-1-1147'>\n\t\t\t\tLogo de RENEGADOS\n\t\t\t\t<\/dd><\/dl><dl class='gallery-item'>\n\t\t\t<dt class='gallery-icon landscape'>\n\t\t\t\t<a href=\"https:\/\/static-blogs.hoy.es\/wp-content\/uploads\/sites\/45\/2014\/07\/053.jpg\"><img width=\"150\" height=\"150\" src=\"https:\/\/static-blogs.hoy.es\/wp-content\/uploads\/sites\/45\/2014\/07\/053-150x150.jpg\" class=\"attachment-thumbnail size-thumbnail\" alt=\"\" loading=\"lazy\" aria-describedby=\"gallery-1-1146\" \/><\/a>\n\t\t\t<\/dt>\n\t\t\t\t<dd class='wp-caption-text gallery-caption' id='gallery-1-1146'>\n\t\t\t\tChicos de \u00c1ngeles Urbanos\n\t\t\t\t<\/dd><\/dl><br style=\"clear: both\" \/>\n\t\t<\/div>\n\n<p>Saludos y r\u00e1fagas.<\/p>\n<!-- AddThis Advanced Settings generic via filter on the_content --><!-- AddThis Share Buttons generic via filter on the_content -->","protected":false},"excerpt":{"rendered":"<p>En \u00e9sta ocasi\u00f3n os traigo un evento, por llamarlo de alg\u00fan modo, muy diferente. No es una concentraci\u00f3n motera, ni una gran quedada en la que se pinchen barriles de cerveza, sin alcohol por supuesto, pero es una cuesti\u00f3n totalmente solidaria y somos moteros los que la llevamos a cabo. Se trata de ir a [&hellip;]<!-- AddThis Advanced Settings generic via filter on get_the_excerpt --><!-- AddThis Share Buttons generic via filter on get_the_excerpt --><\/p>\n","protected":false},"author":49,"featured_media":0,"comment_status":"open","ping_status":"closed","sticky":false,"template":"","format":"standard","meta":[],"categories":[13],"tags":[75,613,622,624,692,834],"_links":{"self":[{"href":"https:\/\/blogs.hoy.es\/moterosdehoy\/wp-json\/wp\/v2\/posts\/1145"}],"collection":[{"href":"https:\/\/blogs.hoy.es\/moterosdehoy\/wp-json\/wp\/v2\/posts"}],"about":[{"href":"https:\/\/blogs.hoy.es\/moterosdehoy\/wp-json\/wp\/v2\/types\/post"}],"author":[{"embeddable":true,"href":"https:\/\/blogs.hoy.es\/moterosdehoy\/wp-json\/wp\/v2\/users\/49"}],"replies":[{"embeddable":true,"href":"https:\/\/blogs.hoy.es\/moterosdehoy\/wp-json\/wp\/v2\/comments?post=1145"}],"version-history":[{"count":0,"href":"https:\/\/blogs.hoy.es\/moterosdehoy\/wp-json\/wp\/v2\/posts\/1145\/revisions"}],"wp:attachment":[{"href":"https:\/\/blogs.hoy.es\/moterosdehoy\/wp-json\/wp\/v2\/media?parent=1145"}],"wp:term":[{"taxonomy":"category","embeddable":true,"href":"https:\/\/blogs.hoy.es\/moterosdehoy\/wp-json\/wp\/v2\/categories?post=1145"},{"taxonomy":"post_tag","embeddable":true,"href":"https:\/\/blogs.hoy.es\/moterosdehoy\/wp-json\/wp\/v2\/tags?post=1145"}],"curies":[{"name":"wp","href":"https:\/\/api.w.org\/{rel}","templated":true}]}}