{"id":116,"date":"2012-06-15T20:11:56","date_gmt":"2012-06-15T20:11:56","guid":{"rendered":"http:\/\/blogs.hoy.es\/moterosdehoy\/?p=116"},"modified":"2012-06-15T20:11:56","modified_gmt":"2012-06-15T20:11:56","slug":"gran-fiesta-inauguracion-moto-club-mil-kilometros","status":"publish","type":"post","link":"https:\/\/blogs.hoy.es\/moterosdehoy\/2012\/06\/15\/gran-fiesta-inauguracion-moto-club-mil-kilometros\/","title":{"rendered":"Gran fiesta inauguraci\u00f3n &#8220;Moto Club Mil Kil\u00f3metros&#8221;"},"content":{"rendered":"<p style=\"text-align: justify;\">Los amigos del reci\u00e9n estrenado <strong><a href=\"http:\/\/www.motoclubmilkilometros.com\/\" target=\"_blank\" rel=\"external nofollow\">moto club &#8220;MIL KIL\u00d3METROS&#8221;<\/a><\/strong>, quieren hacernos part\u00edcipes de su alegr\u00eda y para ello nos quieres reunir a los amig@s moteros en el <strong>Pol\u00edgono Industrial &#8220;Tres Caminos&#8221; en San Fernando (C\u00e1diz)<\/strong>.<\/p>\n<p style=\"text-align: justify;\"><a href=\"\/moterosdehoy\/wp-content\/uploads\/sites\/45\/2012\/06\/2012-06-17.jpg\"><img loading=\"lazy\" class=\"alignright size-medium wp-image-117\" title=\"Gran Fiesta motera en San Fernando (C\u00e1diz)\" src=\"\/moterosdehoy\/wp-content\/uploads\/sites\/45\/2012\/06\/2012-06-17.jpg\" alt=\"\" width=\"214\" height=\"300\" srcset=\"https:\/\/static-blogs.hoy.es\/wp-content\/uploads\/sites\/45\/2012\/06\/2012-06-17.jpg 540w, https:\/\/static-blogs.hoy.es\/wp-content\/uploads\/sites\/45\/2012\/06\/2012-06-17-214x300.jpg 214w\" sizes=\"(max-width: 214px) 100vw, 214px\" \/><\/a><\/p>\n<p style=\"text-align: justify;\">Para ello el d\u00eda <strong>17 de junio de 2012<\/strong> han organizado una serie de eventos, todo ello dentro del Pol\u00edgono Industrial de San Fernando y en concreto en el <strong><a href=\"http:\/\/www.tresalinas.es\/\" target=\"_blank\" rel=\"external nofollow\">&#8220;Restaurante Tresalinas&#8221;<\/a><\/strong>, donde comenzar\u00e1 a partir de las 11:00h y entre otras cosas habr\u00e1 un <strong>futbol\u00edn humano hinchable, juegos, sorteos y cientos de regalos directos<\/strong>, adem\u00e1s estar\u00e1 amenizado por la m\u00fasica del <strong>DJ ANDR\u00c9S<\/strong>.<\/p>\n<p style=\"text-align: justify;\">\u00c1nimos y enhorabuenas para el moto club mil kil\u00f3metros.<\/p>\n<p style=\"text-align: justify;\"><strong>\u00a0 \u00a0Saludos y r\u00e1fagas.<\/strong><\/p>\n<p style=\"text-align: justify;\">\n<!-- AddThis Advanced Settings generic via filter on the_content --><!-- AddThis Share Buttons generic via filter on the_content -->","protected":false},"excerpt":{"rendered":"<p>Los amigos del reci\u00e9n estrenado moto club &#8220;MIL KIL\u00d3METROS&#8221;, quieren hacernos part\u00edcipes de su alegr\u00eda y para ello nos quieres reunir a los amig@s moteros en el Pol\u00edgono Industrial &#8220;Tres Caminos&#8221; en San Fernando (C\u00e1diz). Para ello el d\u00eda 17 de junio de 2012 han organizado una serie de eventos, todo ello dentro del Pol\u00edgono [&hellip;]<!-- AddThis Advanced Settings generic via filter on get_the_excerpt --><!-- AddThis Share Buttons generic via filter on get_the_excerpt --><\/p>\n","protected":false},"author":49,"featured_media":0,"comment_status":"open","ping_status":"closed","sticky":false,"template":"","format":"standard","meta":[],"categories":[13],"tags":[258,622,639,886],"_links":{"self":[{"href":"https:\/\/blogs.hoy.es\/moterosdehoy\/wp-json\/wp\/v2\/posts\/116"}],"collection":[{"href":"https:\/\/blogs.hoy.es\/moterosdehoy\/wp-json\/wp\/v2\/posts"}],"about":[{"href":"https:\/\/blogs.hoy.es\/moterosdehoy\/wp-json\/wp\/v2\/types\/post"}],"author":[{"embeddable":true,"href":"https:\/\/blogs.hoy.es\/moterosdehoy\/wp-json\/wp\/v2\/users\/49"}],"replies":[{"embeddable":true,"href":"https:\/\/blogs.hoy.es\/moterosdehoy\/wp-json\/wp\/v2\/comments?post=116"}],"version-history":[{"count":0,"href":"https:\/\/blogs.hoy.es\/moterosdehoy\/wp-json\/wp\/v2\/posts\/116\/revisions"}],"wp:attachment":[{"href":"https:\/\/blogs.hoy.es\/moterosdehoy\/wp-json\/wp\/v2\/media?parent=116"}],"wp:term":[{"taxonomy":"category","embeddable":true,"href":"https:\/\/blogs.hoy.es\/moterosdehoy\/wp-json\/wp\/v2\/categories?post=116"},{"taxonomy":"post_tag","embeddable":true,"href":"https:\/\/blogs.hoy.es\/moterosdehoy\/wp-json\/wp\/v2\/tags?post=116"}],"curies":[{"name":"wp","href":"https:\/\/api.w.org\/{rel}","templated":true}]}}