{"id":1164,"date":"2014-07-03T19:30:37","date_gmt":"2014-07-03T19:30:37","guid":{"rendered":"http:\/\/blogs.hoy.es\/moterosdehoy\/?p=1164"},"modified":"2014-07-03T19:30:37","modified_gmt":"2014-07-03T19:30:37","slug":"merida-ya-tiene-club-de-vespas","status":"publish","type":"post","link":"https:\/\/blogs.hoy.es\/moterosdehoy\/2014\/07\/03\/merida-ya-tiene-club-de-vespas\/","title":{"rendered":"M\u00e9rida ya tiene Club de Vespas"},"content":{"rendered":"<p>Son muchas las ciudades del mundo que tienen alg\u00fan Club de Vespas, pues est\u00e1 claro que ha sido una motocicleta m\u00edtica y por lo tanto hay que mimarlas. En Espa\u00f1a hay muchos Club de ellas y concretamente en Extremadura tambi\u00e9n tienen sede en ambas provincias, por lo que <a title=\"Turismo en M\u00e9rida\" href=\"http:\/\/www.turismomerida.org\/\" rel=\"external nofollow\">M\u00e9rida<\/a> no iba a ser menos y \u00e9ste fin de semana que viene har\u00e1 su presentaci\u00f3n el nuevo Club.<\/p>\n<div id=\"attachment_1165\" style=\"width: 237px\" class=\"wp-caption alignleft\"><a href=\"\/moterosdehoy\/wp-content\/uploads\/sites\/45\/2014\/07\/I-Concentraci\u00f3n-Vespa-Club-M\u00e9rida.jpg\"><img aria-describedby=\"caption-attachment-1165\" loading=\"lazy\" class=\"size-medium wp-image-1165\" title=\"I Concentraci\u00f3n Vespa Club M\u00e9rida\" src=\"\/moterosdehoy\/wp-content\/uploads\/sites\/45\/2014\/07\/I-Concentraci\u00f3n-Vespa-Club-M\u00e9rida.jpg\" alt=\"\" width=\"227\" height=\"300\" srcset=\"https:\/\/static-blogs.hoy.es\/wp-content\/uploads\/sites\/45\/2014\/07\/I-Concentraci\u00f3n-Vespa-Club-M\u00e9rida.jpg 595w, https:\/\/static-blogs.hoy.es\/wp-content\/uploads\/sites\/45\/2014\/07\/I-Concentraci\u00f3n-Vespa-Club-M\u00e9rida-227x300.jpg 227w\" sizes=\"(max-width: 227px) 100vw, 227px\" \/><\/a><p id=\"caption-attachment-1165\" class=\"wp-caption-text\">Cartel del evento<\/p><\/div>\n<p>El &#8220;<strong>Vespa Club M\u00e9rida<\/strong>&#8221; ha preparado para el domingo <strong>d\u00eda 6 de Julio<\/strong>\u00a02014 una concentraci\u00f3n vespera, teniendo su punto de reuni\u00f3n a partir de las <strong>09:30 horas<\/strong> en el Pub Dubai, sito en la Plaza de Espa\u00f1a de Calamonte, desde donde iniciar\u00e1n dos rutas, una por carretera entre <a title=\"M\u00e9rida en wikipedia\" href=\"http:\/\/es.wikipedia.org\/wiki\/M%C3%A9rida_(Espa%C3%B1a)\" rel=\"external nofollow\">M\u00e9rida<\/a> y <a title=\"Calamonte en wikipedia\" href=\"http:\/\/es.wikipedia.org\/wiki\/Calamonte\" rel=\"external nofollow\">Calamonte<\/a>,\u00a0y otra por M\u00e9rida.\u00a0Tanto en una localidad como en otra, acompa\u00f1ara la Polic\u00eda Local y Protecci\u00f3n civil.<!--more--><\/p>\n<p>De regreso a Calamonte, se volver\u00e1 al Pub Dubai, donde se ofrecer\u00e1 la comida para los participantes, (Caldereta Extreme\u00f1a), con oferta en las consumiciones: refrescos y cerveza a 1\u20ac para todos los inscritos.<\/p>\n<p>Todos los Interesados pod\u00e9is realizar la inscripci\u00f3n en la Avd. Reina Sofia n\u00ba1 (Centro Acad\u00e9mico Sideyco) o a trav\u00e9s de cuenta bancaria, los interesados en la segunda opci\u00f3n poneros en contacto con el tel\u00e9fono que aparece en el cartel del evento y all\u00ed os indicar\u00e1n el n\u00famero de cuenta.<\/p>\n<p>Adjunto rutas por ciudad y carretera, y programa de la concentraci\u00f3n, haz clic sobre ellos para verlos ampliados:<\/p>\n\n\t\t<style type=\"text\/css\">\n\t\t\t#gallery-1 {\n\t\t\t\tmargin: auto;\n\t\t\t}\n\t\t\t#gallery-1 .gallery-item {\n\t\t\t\tfloat: left;\n\t\t\t\tmargin-top: 10px;\n\t\t\t\ttext-align: center;\n\t\t\t\twidth: 33%;\n\t\t\t}\n\t\t\t#gallery-1 img {\n\t\t\t\tborder: 2px solid #cfcfcf;\n\t\t\t}\n\t\t\t#gallery-1 .gallery-caption {\n\t\t\t\tmargin-left: 0;\n\t\t\t}\n\t\t\t\/* see gallery_shortcode() in wp-includes\/media.php *\/\n\t\t<\/style>\n\t\t<div id='gallery-1' class='gallery galleryid-1164 gallery-columns-3 gallery-size-thumbnail'><dl class='gallery-item'>\n\t\t\t<dt class='gallery-icon portrait'>\n\t\t\t\t<a href=\"https:\/\/static-blogs.hoy.es\/wp-content\/uploads\/sites\/45\/2014\/07\/Plano-recorrido-Vespa-Club-M\u00e9rida.jpg\"><img width=\"150\" height=\"150\" src=\"https:\/\/static-blogs.hoy.es\/wp-content\/uploads\/sites\/45\/2014\/07\/Plano-recorrido-Vespa-Club-M\u00e9rida-150x150.jpg\" class=\"attachment-thumbnail size-thumbnail\" alt=\"\" loading=\"lazy\" aria-describedby=\"gallery-1-1167\" \/><\/a>\n\t\t\t<\/dt>\n\t\t\t\t<dd class='wp-caption-text gallery-caption' id='gallery-1-1167'>\n\t\t\t\tRutas\n\t\t\t\t<\/dd><\/dl><dl class='gallery-item'>\n\t\t\t<dt class='gallery-icon portrait'>\n\t\t\t\t<a href=\"https:\/\/static-blogs.hoy.es\/wp-content\/uploads\/sites\/45\/2014\/07\/Programa-Vespa-Club-M\u00e9rida.jpg\"><img width=\"150\" height=\"150\" src=\"https:\/\/static-blogs.hoy.es\/wp-content\/uploads\/sites\/45\/2014\/07\/Programa-Vespa-Club-M\u00e9rida-150x150.jpg\" class=\"attachment-thumbnail size-thumbnail\" alt=\"\" loading=\"lazy\" aria-describedby=\"gallery-1-1166\" \/><\/a>\n\t\t\t<\/dt>\n\t\t\t\t<dd class='wp-caption-text gallery-caption' id='gallery-1-1166'>\n\t\t\t\tPrograma\n\t\t\t\t<\/dd><\/dl><dl class='gallery-item'>\n\t\t\t<dt class='gallery-icon portrait'>\n\t\t\t\t<a href=\"https:\/\/static-blogs.hoy.es\/wp-content\/uploads\/sites\/45\/2014\/07\/I-Concentraci\u00f3n-Vespa-Club-M\u00e9rida.jpg\"><img width=\"150\" height=\"150\" src=\"https:\/\/static-blogs.hoy.es\/wp-content\/uploads\/sites\/45\/2014\/07\/I-Concentraci\u00f3n-Vespa-Club-M\u00e9rida-150x150.jpg\" class=\"attachment-thumbnail size-thumbnail\" alt=\"\" loading=\"lazy\" aria-describedby=\"gallery-1-1165\" \/><\/a>\n\t\t\t<\/dt>\n\t\t\t\t<dd class='wp-caption-text gallery-caption' id='gallery-1-1165'>\n\t\t\t\tCartel del evento\n\t\t\t\t<\/dd><\/dl><br style=\"clear: both\" \/>\n\t\t<\/div>\n\n<p>Saludos y r\u00e1fagas.<\/p>\n<!-- AddThis Advanced Settings generic via filter on the_content --><!-- AddThis Share Buttons generic via filter on the_content -->","protected":false},"excerpt":{"rendered":"<p>Son muchas las ciudades del mundo que tienen alg\u00fan Club de Vespas, pues est\u00e1 claro que ha sido una motocicleta m\u00edtica y por lo tanto hay que mimarlas. En Espa\u00f1a hay muchos Club de ellas y concretamente en Extremadura tambi\u00e9n tienen sede en ambas provincias, por lo que M\u00e9rida no iba a ser menos y [&hellip;]<!-- AddThis Advanced Settings generic via filter on get_the_excerpt --><!-- AddThis Share Buttons generic via filter on get_the_excerpt --><\/p>\n","protected":false},"author":49,"featured_media":0,"comment_status":"open","ping_status":"closed","sticky":false,"template":"","format":"standard","meta":[],"categories":[13],"tags":[253,613,622,624,989],"_links":{"self":[{"href":"https:\/\/blogs.hoy.es\/moterosdehoy\/wp-json\/wp\/v2\/posts\/1164"}],"collection":[{"href":"https:\/\/blogs.hoy.es\/moterosdehoy\/wp-json\/wp\/v2\/posts"}],"about":[{"href":"https:\/\/blogs.hoy.es\/moterosdehoy\/wp-json\/wp\/v2\/types\/post"}],"author":[{"embeddable":true,"href":"https:\/\/blogs.hoy.es\/moterosdehoy\/wp-json\/wp\/v2\/users\/49"}],"replies":[{"embeddable":true,"href":"https:\/\/blogs.hoy.es\/moterosdehoy\/wp-json\/wp\/v2\/comments?post=1164"}],"version-history":[{"count":0,"href":"https:\/\/blogs.hoy.es\/moterosdehoy\/wp-json\/wp\/v2\/posts\/1164\/revisions"}],"wp:attachment":[{"href":"https:\/\/blogs.hoy.es\/moterosdehoy\/wp-json\/wp\/v2\/media?parent=1164"}],"wp:term":[{"taxonomy":"category","embeddable":true,"href":"https:\/\/blogs.hoy.es\/moterosdehoy\/wp-json\/wp\/v2\/categories?post=1164"},{"taxonomy":"post_tag","embeddable":true,"href":"https:\/\/blogs.hoy.es\/moterosdehoy\/wp-json\/wp\/v2\/tags?post=1164"}],"curies":[{"name":"wp","href":"https:\/\/api.w.org\/{rel}","templated":true}]}}