{"id":1169,"date":"2014-07-05T17:42:07","date_gmt":"2014-07-05T17:42:07","guid":{"rendered":"http:\/\/blogs.hoy.es\/moterosdehoy\/?p=1169"},"modified":"2014-07-05T17:42:07","modified_gmt":"2014-07-05T17:42:07","slug":"faro-2014","status":"publish","type":"post","link":"https:\/\/blogs.hoy.es\/moterosdehoy\/2014\/07\/05\/faro-2014\/","title":{"rendered":"FARO 2014"},"content":{"rendered":"<h2>La macroconcentraci\u00f3n Europea<\/h2>\n<p>Estamos a pocos d\u00edas de <a title=\"FARO 2014\" href=\"http:\/\/www.motoclubefaro.pt\/Actividades\/Saloes\/Bilbao\/_Imprensa_Bilbao\/Home_SP\/body_home_sp.html\" target=\"_blank\" rel=\"external nofollow\">FARO<\/a> y ya estamos con los preparativos. Cualquier motero que se precie como tal como m\u00ednimo es conocedor de la existencia de la concentraci\u00f3n motera de Faro, independientemente de pensar en ir o no a ella. Por regla general todo el que ha ido habla bien de ella, salvo alg\u00fan encuentro no deseado con los ba\u00f1os.<\/p>\n<div class=\"mceTemp\">\n<div id=\"attachment_1171\" style=\"width: 221px\" class=\"wp-caption alignleft\"><a href=\"\/moterosdehoy\/wp-content\/uploads\/sites\/45\/2014\/07\/Faro-20141.jpg\"><img aria-describedby=\"caption-attachment-1171\" loading=\"lazy\" class=\"size-medium wp-image-1171\" title=\"Faro 2014\" src=\"\/moterosdehoy\/wp-content\/uploads\/sites\/45\/2014\/07\/Faro-20141.jpg\" alt=\"\" width=\"211\" height=\"300\" srcset=\"https:\/\/static-blogs.hoy.es\/wp-content\/uploads\/sites\/45\/2014\/07\/Faro-20141.jpg 806w, https:\/\/static-blogs.hoy.es\/wp-content\/uploads\/sites\/45\/2014\/07\/Faro-20141-212x300.jpg 212w, https:\/\/static-blogs.hoy.es\/wp-content\/uploads\/sites\/45\/2014\/07\/Faro-20141-768x1089.jpg 768w, https:\/\/static-blogs.hoy.es\/wp-content\/uploads\/sites\/45\/2014\/07\/Faro-20141-722x1024.jpg 722w\" sizes=\"(max-width: 211px) 100vw, 211px\" \/><\/a><p id=\"caption-attachment-1171\" class=\"wp-caption-text\">Cartel del evento<\/p><\/div>\n<p>Os voy a hablar un poco de la mayor concentraci\u00f3n motera a nivel Europa y casi mundial, adem\u00e1s de daros unos consejos por si quer\u00e9is ir y and\u00e1is algo perdidos.<!--more--><\/div>\n<p>Para \u00e9ste a\u00f1o 2014, tendr\u00e1 lugar <strong>del 17 al 20 de julio<\/strong>, aunque desde el medio d\u00eda del 16 ya estar\u00e1 abierto el recinto para los m\u00e1s tempraneros. Es ya la 33\u00aa Concentraci\u00f3n Internacional de Motos y como en ediciones anteriores tendr\u00e1 lugar en Faro, concretamente en el camping de la localidad y situado a un par de kil\u00f3metros de la playa, lo que te permite llegar a ella incluso andando si lo deseas, aunque se te har\u00e1 largu\u00edsimo por la calor. Si llevas la moto ves prontito, vas a flipar para aparcar la moto, las hay hasta en la arena y no te impacientes, hay un paso estrecho y obliga a una cola que en ocasiones lleva a m\u00e1s del cuarto de hora, recuerda parar la moto en esa caravana, evitar\u00e1s que se caliente en exceso.<\/p>\n<p>Faro es una ciudad portuguesa, capital del distrito hom\u00f3nimo y de la regi\u00f3n del Algarve, con una poblaci\u00f3n algo inferior a los 65.000 habitantes. Siendo uno de los centros urbanos de la regi\u00f3n sur de Portugal m\u00e1s conocido entre los siglos III a. C. y VIII d. C., con una configuraci\u00f3n como almac\u00e9n en un gran sistema comercial, basado en el intercambio de productos agr\u00edcolas, pescado y minerales.<\/p>\n<p>Continuando con la concentraci\u00f3n motera hay que decir que ha llegado a reunir a casi 30.000 inscritos, aunque con \u00e9stos tiempos de crisis en los que nos vemos sumergidos tambi\u00e9n le han hecho mella. En la edici\u00f3n del a\u00f1o pasado se superaron los 20.000, que a pesar de no estar nada mal, se puede ver como se ha reducido de modo notable.<\/p>\n<p>La inscripci\u00f3n, que el a\u00f1o pasado tuvo un<strong> precio de 45\u20ac<\/strong> da acceso a:<\/p>\n<p>Una bolsa de bienvenida con la camiseta oficial, medalla, pegatina, tickets de comida, y a participar en el sorteo de una moto nueva y de una semana en Daytona.<br \/>\nAcceso a zona de acampada \u2013 m\u00fasica en vivo y shows er\u00f3ticos todas las noches \u2013 bares 24 horas abiertos \u2013 bike show \u2013 stands profesionales \u2013 feria biker \u2013 stands tatoo \u2013 concurso de tatuajes \u2013 miss camiseta mojada \u2013 y como no, centro m\u00e9dico.<br \/>\nAutob\u00fas gratis concentraci\u00f3n \u2013 Faro \/ Faro \u2013 concentraci\u00f3n, desde las 11 horas de Jueves hasta las 8 horas del domingo.<br \/>\nTienes que tener en cuenta que si quieres ir nada m\u00e1s por ver un poco, te quedar\u00e1s a medias, pues para poder acceder a la zona de concentraci\u00f3n, donde son las actuaciones y est\u00e1 todo el mogoll\u00f3n, tienes que pasar por caja e inscribirte, lo que ya te permite disfrutar de todos los conciertos. Entre ellos actuar\u00e1n Steve Harris &#8211; British Lion, Moonspell, Attick Demons, Okalu, The Raven Age, \u00d1\u00da, Los Inumanos y Crassh. Como puedes ver si te gusta el Rock estar\u00e1s en tu salsa. Adem\u00e1s ponen carpas con otros tipos de m\u00fasica, para que haya para todos.<\/p>\n<div class=\"mceTemp\">\n<div id=\"attachment_1172\" style=\"width: 310px\" class=\"wp-caption alignright\"><a href=\"\/moterosdehoy\/wp-content\/uploads\/sites\/45\/2014\/07\/Faro-mapa_2014.jpg\"><img aria-describedby=\"caption-attachment-1172\" loading=\"lazy\" class=\"size-medium wp-image-1172\" title=\"Faro mapa_2014\" src=\"\/moterosdehoy\/wp-content\/uploads\/sites\/45\/2014\/07\/Faro-mapa_2014.jpg\" alt=\"\" width=\"300\" height=\"210\" srcset=\"https:\/\/static-blogs.hoy.es\/wp-content\/uploads\/sites\/45\/2014\/07\/Faro-mapa_2014.jpg 1143w, https:\/\/static-blogs.hoy.es\/wp-content\/uploads\/sites\/45\/2014\/07\/Faro-mapa_2014-300x211.jpg 300w, https:\/\/static-blogs.hoy.es\/wp-content\/uploads\/sites\/45\/2014\/07\/Faro-mapa_2014-768x540.jpg 768w, https:\/\/static-blogs.hoy.es\/wp-content\/uploads\/sites\/45\/2014\/07\/Faro-mapa_2014-1024x719.jpg 1024w\" sizes=\"(max-width: 300px) 100vw, 300px\" \/><\/a><p id=\"caption-attachment-1172\" class=\"wp-caption-text\">Mapa de FARO 2014<\/p><\/div>\n<p>Otro aspecto importante, si vas a hacer uso de la acampada es llegar pronto, cuanto antes mejor, coger una buena sombra y no muy lejos de los ba\u00f1os, pero tampoco muy cerca (ruido, mosquitos\u2026), una buena zona seg\u00fan entras a la izquierda, abajo del todo. Est\u00e1n los servicios al lado, una salida de emergencia y un bar. No est\u00e1 lejos del escenario ni del oasis, pero no llega el tremendo ruido que hay. Aqu\u00ed a la izquierda tienes un plano del lugar. Yo cuando he ido lo hice de hotel, pero la crisis aprieta. Si no tienes tienda venden en Decathlon unos sacos con la colchoneta incorporada que abultan poco, o p\u00eddelo prestado y sale m\u00e1s barato a\u00fan.<\/p><\/div>\n<p>Sobre el comentario que hice al inicio sobre los ba\u00f1os, te comento que en principio est\u00e1n limpios pero a medida que pasa el tiempo se vuelven algo perjudicados, llegando a usarlos si es de m\u00e1xima necesidad, lo mejor, ir al aeropuerto o bien ir a faro, hay un gran centro comercial y bares o pasteler\u00edas que adem\u00e1s de tomarte algo, podr\u00e1s disfrutar de unos ba\u00f1os m\u00e1s limpios. Para las duchas no hay problema, te pones el ba\u00f1ador y listo, son muy divertidas y conoces gente. Las duchas son comunitarias y a cielo abierto.<\/p>\n<p>A la hora de hacer la maleta recuerda que vas en moto, por lo que debes llevar lo imprescindible, todo ocupa sitio y no dispones de mucho. All\u00ed hace una calor insoportable,<strong> lleva crema solar y<\/strong> casi igual de importante <strong>crema anti-mosquitos<\/strong>, hay muchos. Si tienes alguna camiseta vieja ll\u00e9vala, cuando te la quites toda sudada la tiras y una cosa menos de vuelta, recuerda que con la inscripci\u00f3n te dar\u00e1n una, por lo que una menos en la ida. Por supuesto lleva el <strong>ba\u00f1ador<\/strong>. Para la comida no hace falta que lleves nada como platos, tenedores y dem\u00e1s, all\u00ed te los dar\u00e1n de pl\u00e1stico, una vez que lo uses se tira y punto, aunque cada vez m\u00e1s la pe\u00f1a se pone de acuerdo para llevar cosas en plan camping y preparar all\u00ed su comida.<\/p>\n<p>Sobre la seguridad te dir\u00e9 que all\u00ed hay personal de seguridad contratados, paramilitares, se evitan robos y problemas. Adem\u00e1s no se andan con chiquitas, si alguno se pasa haciendo el tonto con la moto de normal le dar\u00e1n un par de guantazos para suavizarlo y le quitar\u00e1n las llaves de la moto, que podr\u00e1 recoger en la entrada cuando se haya terminado todo el domingo. No suelen haber robos en las tiendas, a pesar de estar abiertas, se respeta lo de los dem\u00e1s, pero cuando hay tanta gente es dif\u00edcil garantizar el 100%. En la edici\u00f3n del a\u00f1o pasado conozco un par de casos que el primer d\u00eda les quitaron el dinerito de la tienda, procura no dejarlo.<\/p>\n<p>Lo normal es aprovechar el d\u00eda para visitar alguna playa, tienes una cerquita si no te apetece viajar, incluso puedes ir andando, pero te recomiendo que ya que est\u00e1 all\u00ed conozcas un poco de la zona, sobre todo el atardecer en el Cabo de San Vicente, aprovecha para ver la puesta de sol, es digna de ver e inmortalizar con la c\u00e1mara. Las zonas tur\u00edsticas de playa del Algarve est\u00e1n de Quarteira hacia el cabo de San Vicente (Sagres, con su exquisita cerveza\u2026). Al lado de Albufeira tienes las playas de San Rafael y Coelha, te sorprender\u00e1n. Faro tambi\u00e9n est\u00e1 bien, pero es m\u00e1s ruidoso, te pasan los aviones por encima y al estar m\u00e1s pegado a Espa\u00f1a hay m\u00e1s gente. Aprovecha para comer pescado y tomar el sol. De vuelta en la concentraci\u00f3n una duchita, y a disfrutar de los conciertos y dem\u00e1s eventos.<\/p>\n<p>Cuando vayas a entrar a la zona de Portugal reposta a\u00fan en Espa\u00f1a, la gasolina all\u00ed es m\u00e1s cara. Los m\u00e1s enredas si tienen un movil Android descargan una aplicaci\u00f3n llamada \u201cgasolineras\u201d que te muestra el precio en tiempo real, puede que te sea \u00fatil. Tambi\u00e9n acu\u00e9rdate de llevar la carta verde del seguro. A nivel europeo no es obligatoria pero si no la llevas la polic\u00eda portuguesa te denunciar\u00e1 y tendr\u00e1s que pagarlo en el momento.<\/p>\n<p>Sobre las autopistas, decirte que tendr\u00e1s que comprar una tarjeta en la que te descuentan dinero al pasar por los peajes, vas en moto, disfruta de las curvas y pasa de ellas.<\/p>\n<p>Si est\u00e1s indeciso en ir, te lo recomiendo,<strong> es un ambiente motero inigualable, \u201ccaldo de culturas\u201d<\/strong> que re\u00fane moteros de cualquier conf\u00edn del planeta. All\u00ed encontrar\u00e1s de todo, ruteros, racing, scooteristas, cl\u00e1sicos, rockers, moods, free bikers, pero sobre todo custom. Adem\u00e1s ser\u00e1s uno de los que podr\u00e1n decir <strong>\u201cyo estuve en Faro\u201d, la Meca europea del motociclismo<\/strong>.<\/p>\n<p>Para saber <a title=\"FARO 2013\" href=\"http:\/\/www.moterosdehoy.es\/2013\/07\/25\/transcurso-de-faro-2013\/\" target=\"_blank\" rel=\"external nofollow\">como transcurri\u00f3 FARO 2013, haz clic aqu\u00ed<\/a>.<\/p>\n<p>Saludos y r\u00e1fagas.<\/p>\n<!-- AddThis Advanced Settings generic via filter on the_content --><!-- AddThis Share Buttons generic via filter on the_content -->","protected":false},"excerpt":{"rendered":"<p>La macroconcentraci\u00f3n Europea Estamos a pocos d\u00edas de FARO y ya estamos con los preparativos. Cualquier motero que se precie como tal como m\u00ednimo es conocedor de la existencia de la concentraci\u00f3n motera de Faro, independientemente de pensar en ir o no a ella. Por regla general todo el que ha ido habla bien de [&hellip;]<!-- AddThis Advanced Settings generic via filter on get_the_excerpt --><!-- AddThis Share Buttons generic via filter on get_the_excerpt --><\/p>\n","protected":false},"author":49,"featured_media":0,"comment_status":"open","ping_status":"closed","sticky":false,"template":"","format":"standard","meta":[],"categories":[13],"tags":[304,389,613,622],"_links":{"self":[{"href":"https:\/\/blogs.hoy.es\/moterosdehoy\/wp-json\/wp\/v2\/posts\/1169"}],"collection":[{"href":"https:\/\/blogs.hoy.es\/moterosdehoy\/wp-json\/wp\/v2\/posts"}],"about":[{"href":"https:\/\/blogs.hoy.es\/moterosdehoy\/wp-json\/wp\/v2\/types\/post"}],"author":[{"embeddable":true,"href":"https:\/\/blogs.hoy.es\/moterosdehoy\/wp-json\/wp\/v2\/users\/49"}],"replies":[{"embeddable":true,"href":"https:\/\/blogs.hoy.es\/moterosdehoy\/wp-json\/wp\/v2\/comments?post=1169"}],"version-history":[{"count":0,"href":"https:\/\/blogs.hoy.es\/moterosdehoy\/wp-json\/wp\/v2\/posts\/1169\/revisions"}],"wp:attachment":[{"href":"https:\/\/blogs.hoy.es\/moterosdehoy\/wp-json\/wp\/v2\/media?parent=1169"}],"wp:term":[{"taxonomy":"category","embeddable":true,"href":"https:\/\/blogs.hoy.es\/moterosdehoy\/wp-json\/wp\/v2\/categories?post=1169"},{"taxonomy":"post_tag","embeddable":true,"href":"https:\/\/blogs.hoy.es\/moterosdehoy\/wp-json\/wp\/v2\/tags?post=1169"}],"curies":[{"name":"wp","href":"https:\/\/api.w.org\/{rel}","templated":true}]}}