{"id":119,"date":"2012-06-17T20:50:10","date_gmt":"2012-06-17T20:50:10","guid":{"rendered":"http:\/\/blogs.hoy.es\/moterosdehoy\/?p=119"},"modified":"2012-06-17T20:50:10","modified_gmt":"2012-06-17T20:50:10","slug":"viii-concentracion-motera-villa-de-malagon-23-y-24-junio-2012","status":"publish","type":"post","link":"https:\/\/blogs.hoy.es\/moterosdehoy\/2012\/06\/17\/viii-concentracion-motera-villa-de-malagon-23-y-24-junio-2012\/","title":{"rendered":"VIII Concentraci\u00f3n motera Villa de Malag\u00f3n &#8211; 23 y 24 junio 2012"},"content":{"rendered":"<p style=\"text-align: justify;\">Los d\u00edas <strong>23 y 24 de junio de 2012<\/strong>, se celebra la VIII Concentraci\u00f3n motera en <a href=\"http:\/\/es.wikipedia.org\/wiki\/Malag%C3%B3n\" target=\"_blank\" rel=\"external nofollow\">Malag\u00f3n<\/a> (Ciudad Real), de la mano de su pe\u00f1a motera como indica su nombre <a href=\"http:\/\/www.facebook.com\/motoclubmalagon\" target=\"_blank\" rel=\"external nofollow\">&#8220;pe\u00f1a motera Malag\u00f3n&#8221;<\/a>.<\/p>\n<p style=\"text-align: justify;\"><a href=\"\/moterosdehoy\/wp-content\/uploads\/sites\/45\/2012\/06\/2012-06-23-Malag\u00f3n.jpg\"><img loading=\"lazy\" class=\"alignright size-medium wp-image-120\" title=\"VIII Concentraci\u00f3n motera villa de Malag\u00f3n\" src=\"\/moterosdehoy\/wp-content\/uploads\/sites\/45\/2012\/06\/2012-06-23-Malag\u00f3n.jpg\" alt=\"\" width=\"212\" height=\"300\" srcset=\"https:\/\/static-blogs.hoy.es\/wp-content\/uploads\/sites\/45\/2012\/06\/2012-06-23-Malag\u00f3n.jpg 680w, https:\/\/static-blogs.hoy.es\/wp-content\/uploads\/sites\/45\/2012\/06\/2012-06-23-Malag\u00f3n-213x300.jpg 213w\" sizes=\"(max-width: 212px) 100vw, 212px\" \/><\/a><\/p>\n<p style=\"text-align: justify;\">El lugar de encuentro es el recinto ferial de Malag\u00f3n y quieren mimar a los asistentes para que se encuentren a gusto, para ello tanto la comida como la cena es en restaurantes, constando de un primero y un segundo, postre y bebida.<\/p>\n<p style=\"text-align: justify;\">La media inscripcion son <strong>20 \u20ac<\/strong> y puede ser para\u00a0s\u00e1bado\u00a0o domingo.<\/p>\n<p style=\"text-align: justify;\">El <strong>s\u00e1bado<\/strong> por la tarde habr\u00e1\u00a0<strong>fiesta de la espuma<\/strong>\u00a0desde las 16.00 hasta las 19.30 que salga la ruta para que la gente se refresque un poco. Sobre las 19:30 iniciar\u00e1 una<strong>\u00a0ruta bar\u00edtima<\/strong>\u00a0por las calles del pueblo, para degustar unas cervezas y aperitivos, durando hasta las 22:30 que comenzar\u00e1 la cena. En \u00e9sta ruta del s\u00e1bado<strong>\u00a0las gogos acompa\u00f1ar\u00e1n en las rutas.<\/strong><\/p>\n<p style=\"text-align: justify;\">El <strong>domingo<\/strong> habr\u00e1 otra <strong>ruta<\/strong>, sobre las 10:30 se parte del recinto ferial y <strong>para visitar el Cristo del Esp\u00edritu santo<\/strong>, esta a 16 km, alli se visitar\u00e1 una iglesia <strong>y se realizar\u00e1 una ofrenda floral<\/strong>. Adem\u00e1s all\u00ed se degustar\u00e1 un aperitivo y vuelta a Malag\u00f3n para hacer un par de paradas para tomar un refrigerios antes de la comida.<\/p>\n<p style=\"text-align: justify;\">Habr\u00e1 m\u00fasica de la mano de conocidos djs y gogos, y paralelo a la concentracion se monta una fiesta a partir de las 00.00 horas en la que participa mucha gente tanto del pueblo como de la comarca.<\/p>\n<p style=\"text-align: justify;\"><strong>\u00a0 \u00a0Saludos y r\u00e1fagas.<\/strong><\/p>\n<p>&nbsp;<\/p>\n<!-- AddThis Advanced Settings generic via filter on the_content --><!-- AddThis Share Buttons generic via filter on the_content -->","protected":false},"excerpt":{"rendered":"<p>Los d\u00edas 23 y 24 de junio de 2012, se celebra la VIII Concentraci\u00f3n motera en Malag\u00f3n (Ciudad Real), de la mano de su pe\u00f1a motera como indica su nombre &#8220;pe\u00f1a motera Malag\u00f3n&#8221;. El lugar de encuentro es el recinto ferial de Malag\u00f3n y quieren mimar a los asistentes para que se encuentren a gusto, [&hellip;]<!-- AddThis Advanced Settings generic via filter on get_the_excerpt --><!-- AddThis Share Buttons generic via filter on get_the_excerpt --><\/p>\n","protected":false},"author":49,"featured_media":0,"comment_status":"open","ping_status":"closed","sticky":false,"template":"","format":"standard","meta":[],"categories":[13],"tags":[258,271,585,622,639],"_links":{"self":[{"href":"https:\/\/blogs.hoy.es\/moterosdehoy\/wp-json\/wp\/v2\/posts\/119"}],"collection":[{"href":"https:\/\/blogs.hoy.es\/moterosdehoy\/wp-json\/wp\/v2\/posts"}],"about":[{"href":"https:\/\/blogs.hoy.es\/moterosdehoy\/wp-json\/wp\/v2\/types\/post"}],"author":[{"embeddable":true,"href":"https:\/\/blogs.hoy.es\/moterosdehoy\/wp-json\/wp\/v2\/users\/49"}],"replies":[{"embeddable":true,"href":"https:\/\/blogs.hoy.es\/moterosdehoy\/wp-json\/wp\/v2\/comments?post=119"}],"version-history":[{"count":0,"href":"https:\/\/blogs.hoy.es\/moterosdehoy\/wp-json\/wp\/v2\/posts\/119\/revisions"}],"wp:attachment":[{"href":"https:\/\/blogs.hoy.es\/moterosdehoy\/wp-json\/wp\/v2\/media?parent=119"}],"wp:term":[{"taxonomy":"category","embeddable":true,"href":"https:\/\/blogs.hoy.es\/moterosdehoy\/wp-json\/wp\/v2\/categories?post=119"},{"taxonomy":"post_tag","embeddable":true,"href":"https:\/\/blogs.hoy.es\/moterosdehoy\/wp-json\/wp\/v2\/tags?post=119"}],"curies":[{"name":"wp","href":"https:\/\/api.w.org\/{rel}","templated":true}]}}