{"id":1201,"date":"2014-07-08T15:25:37","date_gmt":"2014-07-08T15:25:37","guid":{"rendered":"http:\/\/blogs.hoy.es\/moterosdehoy\/?p=1201"},"modified":"2014-07-08T15:25:37","modified_gmt":"2014-07-08T15:25:37","slug":"121-concentracion-motera-comarca-vegas-bajas","status":"publish","type":"post","link":"https:\/\/blogs.hoy.es\/moterosdehoy\/2014\/07\/08\/121-concentracion-motera-comarca-vegas-bajas\/","title":{"rendered":"12+1 Concentraci\u00f3n Motera Comarca Vegas Bajas"},"content":{"rendered":"<p>As\u00ed ha nombrado su organizaci\u00f3n a su treceava concentraci\u00f3n motera, ya todo un referente de la zona, y que en esta ocasi\u00f3n es de nuevo organizada por la Pe\u00f1a Motera &#8220;Tribu los pies sucios&#8221;, teniendo lugar los d\u00edas del 11 al 13 de julio 2014.<\/p>\n<div id=\"attachment_1202\" style=\"width: 221px\" class=\"wp-caption alignleft\"><a href=\"\/moterosdehoy\/wp-content\/uploads\/sites\/45\/2014\/07\/Piesucios-2014.jpg\"><img aria-describedby=\"caption-attachment-1202\" loading=\"lazy\" class=\"size-medium wp-image-1202\" title=\"Piesucios 2014\" src=\"\/moterosdehoy\/wp-content\/uploads\/sites\/45\/2014\/07\/Piesucios-2014.jpg\" alt=\"\" width=\"211\" height=\"300\" srcset=\"https:\/\/static-blogs.hoy.es\/wp-content\/uploads\/sites\/45\/2014\/07\/Piesucios-2014.jpg 600w, https:\/\/static-blogs.hoy.es\/wp-content\/uploads\/sites\/45\/2014\/07\/Piesucios-2014-212x300.jpg 212w\" sizes=\"(max-width: 211px) 100vw, 211px\" \/><\/a><p id=\"caption-attachment-1202\" class=\"wp-caption-text\">Cartel del evento<\/p><\/div>\n<p>La\u00a0apertura de inscripciones tendr\u00e1 lugar a las 21:00h del viernes d\u00eda 11, con copa de bienvenida, pancetada y bolsa de regalo, dando acceso a acampada gratuita en zona de c\u00e9sped vigilada. Esa noche habr\u00e1 m\u00fasica en directo con entrada libre, de seguro que ya ir\u00e1n apareciendo moteros, aunque el plato fuerte de la concentraci\u00f3n es la tarde-noche del s\u00e1bado y el domingo por la ma\u00f1ana, hasta llegar la comida y tras la cual con la entrega de trofeos se da la despedida, pero s\u00f3lo hasta el a\u00f1o que viene.\u00a0<!--more--><\/p>\n<h2>Programa de la concentraci\u00f3n:<\/h2>\n<p>&nbsp;<\/p>\n<p><strong>DIA 11<br \/>\n<\/strong><\/p>\n<ul>\n<li>21:00 h Apertura de Inscripciones y Copa de Bienvenida.<\/li>\n<li>21:00 h M\u00fasica en directo, acampada en c\u00e9sped vigilado.<\/li>\n<\/ul>\n<p>&nbsp;<\/p>\n<p><strong>DIA 12<\/strong><\/p>\n<ul>\n<li>10:00 h Inscripciones y Copa de Bienvenida.<\/li>\n<li>12:00 h M\u00fasica en directo. Castillo hinchable para los ni\u00f1os.<\/li>\n<li>14:30 h Programa Ayuda (recogida de alimentos no perecederos para los m\u00e1s necesitados)\u2026.<\/li>\n<li>15:00 h Caldereta Extreme\u00f1a y postre para los inscritos.<\/li>\n<li>16:00 h Entrada en la Piscina Municipal (junto al recinto de la Concentraci\u00f3n)<\/li>\n<li>19:00 h Ruta Bar\u00edtima con dos paradas programadas (bebidas y aperitivos)<\/li>\n<li>21:30 h Cena Campestre (Serranito y postre).<\/li>\n<li>23:00 h Actuaci\u00f3n musical.<\/li>\n<li>01:30 h Fiesta y regalos para los asistentes.<\/li>\n<\/ul>\n<p>&nbsp;<\/p>\n<p><strong>DIA 13<\/strong><\/p>\n<ul>\n<li>09:00 h Desayuno en el recinto.<\/li>\n<li>10:00 h Apertura de Inscripciones hasta hora de salida.<\/li>\n<li>11:30 h Salida de Ruta Bar\u00edtima por dos Localidades de la Zona.<\/li>\n<li>15:00 h Comida<\/li>\n<li>15:30 h Entrega de trofeos y despedida.<\/li>\n<\/ul>\n<p>&nbsp;<\/p>\n<p>Dentro de la organizaci\u00f3n tendr\u00e1n un Programa Ayuda, donde el s\u00e1bado a las 14:30 realizar\u00e1n una recogida de alimentos.<\/p>\n<p>Hay dos <strong>precios de inscripciones<\/strong>, uno de<strong> 25\u20ac<\/strong> para todo el fin de semana\u00a0o s\u00e1bado y domingo, y de\u00a0<strong>15\u20ac<\/strong> solo para el domingo. Con la inscripci\u00f3n recibir\u00e1s una bolsa de bienvenida, con camiseta, pin, y tickets para comida y refrescos, entre otras cosas.<\/p>\n<p>Si vas sin prisas no olvides el ba\u00f1ador, la piscina municipal merece la pena.<\/p>\n<p>Saludos y r\u00e1fagas.<\/p>\n<!-- AddThis Advanced Settings generic via filter on the_content --><!-- AddThis Share Buttons generic via filter on the_content -->","protected":false},"excerpt":{"rendered":"<p>As\u00ed ha nombrado su organizaci\u00f3n a su treceava concentraci\u00f3n motera, ya todo un referente de la zona, y que en esta ocasi\u00f3n es de nuevo organizada por la Pe\u00f1a Motera &#8220;Tribu los pies sucios&#8221;, teniendo lugar los d\u00edas del 11 al 13 de julio 2014. La\u00a0apertura de inscripciones tendr\u00e1 lugar a las 21:00h del viernes [&hellip;]<!-- AddThis Advanced Settings generic via filter on get_the_excerpt --><!-- AddThis Share Buttons generic via filter on get_the_excerpt --><\/p>\n","protected":false},"author":49,"featured_media":0,"comment_status":"open","ping_status":"closed","sticky":false,"template":"","format":"standard","meta":[],"categories":[13],"tags":[202,219,613,622],"_links":{"self":[{"href":"https:\/\/blogs.hoy.es\/moterosdehoy\/wp-json\/wp\/v2\/posts\/1201"}],"collection":[{"href":"https:\/\/blogs.hoy.es\/moterosdehoy\/wp-json\/wp\/v2\/posts"}],"about":[{"href":"https:\/\/blogs.hoy.es\/moterosdehoy\/wp-json\/wp\/v2\/types\/post"}],"author":[{"embeddable":true,"href":"https:\/\/blogs.hoy.es\/moterosdehoy\/wp-json\/wp\/v2\/users\/49"}],"replies":[{"embeddable":true,"href":"https:\/\/blogs.hoy.es\/moterosdehoy\/wp-json\/wp\/v2\/comments?post=1201"}],"version-history":[{"count":0,"href":"https:\/\/blogs.hoy.es\/moterosdehoy\/wp-json\/wp\/v2\/posts\/1201\/revisions"}],"wp:attachment":[{"href":"https:\/\/blogs.hoy.es\/moterosdehoy\/wp-json\/wp\/v2\/media?parent=1201"}],"wp:term":[{"taxonomy":"category","embeddable":true,"href":"https:\/\/blogs.hoy.es\/moterosdehoy\/wp-json\/wp\/v2\/categories?post=1201"},{"taxonomy":"post_tag","embeddable":true,"href":"https:\/\/blogs.hoy.es\/moterosdehoy\/wp-json\/wp\/v2\/tags?post=1201"}],"curies":[{"name":"wp","href":"https:\/\/api.w.org\/{rel}","templated":true}]}}