{"id":1204,"date":"2014-07-13T14:47:02","date_gmt":"2014-07-13T14:47:02","guid":{"rendered":"http:\/\/blogs.hoy.es\/moterosdehoy\/?p=1204"},"modified":"2014-07-13T14:47:02","modified_gmt":"2014-07-13T14:47:02","slug":"marc-marquez-nueve-de-nueve","status":"publish","type":"post","link":"https:\/\/blogs.hoy.es\/moterosdehoy\/2014\/07\/13\/marc-marquez-nueve-de-nueve\/","title":{"rendered":"Marc M\u00e1rquez, nueve de nueve"},"content":{"rendered":"<p>Estamos en pleno <a title=\"Campeonato del mundo de motociclismo\" href=\"http:\/\/es.wikipedia.org\/wiki\/Campeonato_del_Mundo_de_Motociclismo\" target=\"_blank\" rel=\"external nofollow\">campeonato de motociclismo<\/a>, celebr\u00e1ndose este fin de semana el GP de Alemania en el circuito de Sachsenring. donde\u00a0Marc M\u00e1rquez con su\u00a0Honda RC 213 V,\u00a0ha sido el ganador de MotoGP. De nueve carreras, nueve ganadas. Situ\u00e1ndose as\u00ed muy cercano al italiano Giacomo Agostini (MV Agusta), quien en 1970 logr\u00f3 encadenar diez victorias consecutivas.<\/p>\n<div id=\"attachment_1205\" style=\"width: 310px\" class=\"wp-caption alignleft\"><a href=\"\/moterosdehoy\/wp-content\/uploads\/sites\/45\/2014\/07\/Marc-Marquez.jpg\"><img aria-describedby=\"caption-attachment-1205\" loading=\"lazy\" class=\"size-medium wp-image-1205\" title=\"Marc Marquez\" src=\"\/moterosdehoy\/wp-content\/uploads\/sites\/45\/2014\/07\/Marc-Marquez.jpg\" alt=\"\" width=\"300\" height=\"200\" srcset=\"https:\/\/static-blogs.hoy.es\/wp-content\/uploads\/sites\/45\/2014\/07\/Marc-Marquez.jpg 750w, https:\/\/static-blogs.hoy.es\/wp-content\/uploads\/sites\/45\/2014\/07\/Marc-Marquez-300x200.jpg 300w\" sizes=\"(max-width: 300px) 100vw, 300px\" \/><\/a><p id=\"caption-attachment-1205\" class=\"wp-caption-text\">Marc M\u00e1rquez<\/p><\/div>\n<p>La carrera de MotoGP parec\u00eda que ser\u00eda pasada por agua, por lo que la mayor\u00eda de los pilotos favoritos eligieron salir con neum\u00e1ticos de agua, pero durante el &#8220;warm up&#8221; (vuelta de calentamiento) cambiaron de idea y cambiaron de moto, reuni\u00e9ndose muchos pilotos en el Pit-lane para realizar la salida, algo muy at\u00edpico permitiendo a\u00a0Stefan Bradl permanecer como lider de la carrera en las primeras vueltas.<!--more--><\/p>\n<p>Marc M\u00e1rquez entr\u00f3 en pista en d\u00e9cimo lugar y tras nueve vueltas ya se encontraba encabezando la carrera.<\/p>\n<p>Al final la pole estuvo formada por <strong>Marc M\u00e1rquez, Dani Pedrosa y Jorge Lorenzo<\/strong>, respectivamente en primer, segundo y tercer puesto.<\/p>\n<p>En Moto2 logr\u00f3 su primera victoria Dominique Aegerter y en Moto3, Jack Miller, aumentando as\u00ed su ventaja en el Mundial.<\/p>\n<p><strong>M\u00e1rquez<\/strong>, adem\u00e1s de conseguir la pole <strong>rebaj\u00f3 el record del circuito<\/strong>, situ\u00e1ndolo en 1:20.937, arrebatando el record que desde 2008 detentaba el australiano Casey Stoner, cuando al manillar de su Ducati Desmosedici rod\u00f3 en 1:21.067.<\/p>\n<p>Saludos y r\u00e1fagas.<\/p>\n<!-- AddThis Advanced Settings generic via filter on the_content --><!-- AddThis Share Buttons generic via filter on the_content -->","protected":false},"excerpt":{"rendered":"<p>Estamos en pleno campeonato de motociclismo, celebr\u00e1ndose este fin de semana el GP de Alemania en el circuito de Sachsenring. donde\u00a0Marc M\u00e1rquez con su\u00a0Honda RC 213 V,\u00a0ha sido el ganador de MotoGP. De nueve carreras, nueve ganadas. Situ\u00e1ndose as\u00ed muy cercano al italiano Giacomo Agostini (MV Agusta), quien en 1970 logr\u00f3 encadenar diez victorias consecutivas. [&hellip;]<!-- AddThis Advanced Settings generic via filter on get_the_excerpt --><!-- AddThis Share Buttons generic via filter on get_the_excerpt --><\/p>\n","protected":false},"author":49,"featured_media":0,"comment_status":"open","ping_status":"closed","sticky":false,"template":"","format":"standard","meta":[],"categories":[13],"tags":[69,135,434,587,613,622,744],"_links":{"self":[{"href":"https:\/\/blogs.hoy.es\/moterosdehoy\/wp-json\/wp\/v2\/posts\/1204"}],"collection":[{"href":"https:\/\/blogs.hoy.es\/moterosdehoy\/wp-json\/wp\/v2\/posts"}],"about":[{"href":"https:\/\/blogs.hoy.es\/moterosdehoy\/wp-json\/wp\/v2\/types\/post"}],"author":[{"embeddable":true,"href":"https:\/\/blogs.hoy.es\/moterosdehoy\/wp-json\/wp\/v2\/users\/49"}],"replies":[{"embeddable":true,"href":"https:\/\/blogs.hoy.es\/moterosdehoy\/wp-json\/wp\/v2\/comments?post=1204"}],"version-history":[{"count":0,"href":"https:\/\/blogs.hoy.es\/moterosdehoy\/wp-json\/wp\/v2\/posts\/1204\/revisions"}],"wp:attachment":[{"href":"https:\/\/blogs.hoy.es\/moterosdehoy\/wp-json\/wp\/v2\/media?parent=1204"}],"wp:term":[{"taxonomy":"category","embeddable":true,"href":"https:\/\/blogs.hoy.es\/moterosdehoy\/wp-json\/wp\/v2\/categories?post=1204"},{"taxonomy":"post_tag","embeddable":true,"href":"https:\/\/blogs.hoy.es\/moterosdehoy\/wp-json\/wp\/v2\/tags?post=1204"}],"curies":[{"name":"wp","href":"https:\/\/api.w.org\/{rel}","templated":true}]}}