{"id":1231,"date":"2014-08-14T20:14:09","date_gmt":"2014-08-14T20:14:09","guid":{"rendered":"http:\/\/blogs.hoy.es\/moterosdehoy\/?p=1231"},"modified":"2014-08-14T20:14:09","modified_gmt":"2014-08-14T20:14:09","slug":"ruta-al-embarcadero-de-villareal","status":"publish","type":"post","link":"https:\/\/blogs.hoy.es\/moterosdehoy\/2014\/08\/14\/ruta-al-embarcadero-de-villareal\/","title":{"rendered":"Ruta al embarcadero de Villareal"},"content":{"rendered":"<p>Hay un nuevo embarcadero en Extremadura, se encuentra en la localidad de Villareal, pedan\u00eda de Olivenza (Badajoz).<\/p>\n<div id=\"attachment_1232\" style=\"width: 310px\" class=\"wp-caption alignleft\"><a href=\"\/moterosdehoy\/wp-content\/uploads\/sites\/45\/2014\/08\/Villareal-4.jpg\"><img aria-describedby=\"caption-attachment-1232\" loading=\"lazy\" class=\"size-medium wp-image-1232\" title=\"Villareal 4\" src=\"\/moterosdehoy\/wp-content\/uploads\/sites\/45\/2014\/08\/Villareal-4.jpg\" alt=\"\" width=\"300\" height=\"224\" srcset=\"https:\/\/static-blogs.hoy.es\/wp-content\/uploads\/sites\/45\/2014\/08\/Villareal-4.jpg 1280w, https:\/\/static-blogs.hoy.es\/wp-content\/uploads\/sites\/45\/2014\/08\/Villareal-4-300x224.jpg 300w, https:\/\/static-blogs.hoy.es\/wp-content\/uploads\/sites\/45\/2014\/08\/Villareal-4-768x574.jpg 768w, https:\/\/static-blogs.hoy.es\/wp-content\/uploads\/sites\/45\/2014\/08\/Villareal-4-1024x765.jpg 1024w\" sizes=\"(max-width: 300px) 100vw, 300px\" \/><\/a><p id=\"caption-attachment-1232\" class=\"wp-caption-text\">Embarcadero de Villareal<\/p><\/div>\n<p>Dicho embarcadero se inaugur\u00f3 a primeros de este mes y la verdad es que merece la pena visitarlo, aunque si vas, volver\u00e1s.<\/p>\n<p>Este domingo d\u00eda 17 de agosto, un grupo de amigos con ganas de salir de ruta y de conocer otros amigos moteros, realizar\u00e1n una ruta para visitar el citado embarcadero, la salida ser\u00e1 a las 09:15 horas desde el Bar la Soledad (San Roque-Badajoz, frente a la parroquia), si quieres desayunar con ellos y conocerlos ve un poco antes.<!--more--><\/p>\n<p>Para llegar a Villareal desde Badajoz, tienes que ir direcci\u00f3n Olivenza, una vez llegas a la primera rotonda giras hacia Puente Ayuda (a la derecha, primera salida), luego a\u00fan dentro de ciudad ver\u00e1s un cruce a tu izquierda indicando Embarcadero, Villareal, gira a la izquierda y continua recto, llegar\u00e1s a Villareal, una peque\u00f1a localidad y tras ella llegar\u00e1s al embarcadero.<\/p>\n<p>Dado en kil\u00f3metros tienes unos 25 de Badajoz a Olivenza, otros 9 a Villareal y 2 para llegar al embarcadero. Unos 36 km.<\/p>\n<p>Ll\u00e9vate el ba\u00f1ador, en el embarcadero hay zona de ba\u00f1o y una caseta para ducharte si quieres tras el ba\u00f1o, pregunta por ella a Juan Antonio (gerente del bar del embarcadero) o Judit, su simp\u00e1tica hija. En el embarcadero tambi\u00e9n puedes alquilar Kayak, por un eurito por persona, habi\u00e9ndolos de una, dos y tres personas. Tambi\u00e9n hay pedalinas, que ellos llaman patos, v\u00e1lidas para cuatro personas y con su t\u00edpico tobog\u00e1n para disfrutar del agua.<\/p>\n<p>Recuerda de llevar tambi\u00e9n la c\u00e1mara de fotos si te gusta la fotograf\u00eda, pues justo enfrente del embarcadero se ve Jurumenha, localidad fortificada portuguesa.<\/p>\n<p>Si quieres comer all\u00ed, puedes llevar tu propia comida, pues tienen mesas con bancos de madera a libre disposici\u00f3n, aunque te recomiendo el men\u00fa del restaurante, pues por 7,50\u20ac tienes primer plato, segundo, postre y bebida, adem\u00e1s muy bueno. Tambi\u00e9n hay que decir que las consumiciones tienen precios populares.<\/p>\n\n\t\t<style type=\"text\/css\">\n\t\t\t#gallery-1 {\n\t\t\t\tmargin: auto;\n\t\t\t}\n\t\t\t#gallery-1 .gallery-item {\n\t\t\t\tfloat: left;\n\t\t\t\tmargin-top: 10px;\n\t\t\t\ttext-align: center;\n\t\t\t\twidth: 50%;\n\t\t\t}\n\t\t\t#gallery-1 img {\n\t\t\t\tborder: 2px solid #cfcfcf;\n\t\t\t}\n\t\t\t#gallery-1 .gallery-caption {\n\t\t\t\tmargin-left: 0;\n\t\t\t}\n\t\t\t\/* see gallery_shortcode() in wp-includes\/media.php *\/\n\t\t<\/style>\n\t\t<div id='gallery-1' class='gallery galleryid-1231 gallery-columns-2 gallery-size-thumbnail'><dl class='gallery-item'>\n\t\t\t<dt class='gallery-icon landscape'>\n\t\t\t\t<a href=\"https:\/\/static-blogs.hoy.es\/wp-content\/uploads\/sites\/45\/2014\/08\/Villareal-3.jpg\"><img width=\"150\" height=\"150\" src=\"https:\/\/static-blogs.hoy.es\/wp-content\/uploads\/sites\/45\/2014\/08\/Villareal-3-150x150.jpg\" class=\"attachment-thumbnail size-thumbnail\" alt=\"\" loading=\"lazy\" srcset=\"https:\/\/static-blogs.hoy.es\/wp-content\/uploads\/sites\/45\/2014\/08\/Villareal-3-150x150.jpg 150w, https:\/\/static-blogs.hoy.es\/wp-content\/uploads\/sites\/45\/2014\/08\/Villareal-3-300x300.jpg 300w, https:\/\/static-blogs.hoy.es\/wp-content\/uploads\/sites\/45\/2014\/08\/Villareal-3-768x768.jpg 768w, https:\/\/static-blogs.hoy.es\/wp-content\/uploads\/sites\/45\/2014\/08\/Villareal-3-1024x1024.jpg 1024w, https:\/\/static-blogs.hoy.es\/wp-content\/uploads\/sites\/45\/2014\/08\/Villareal-3.jpg 1280w\" sizes=\"(max-width: 150px) 100vw, 150px\" \/><\/a>\n\t\t\t<\/dt><\/dl><dl class='gallery-item'>\n\t\t\t<dt class='gallery-icon landscape'>\n\t\t\t\t<a href=\"https:\/\/static-blogs.hoy.es\/wp-content\/uploads\/sites\/45\/2014\/08\/Villareal-2.jpg\"><img width=\"150\" height=\"150\" src=\"https:\/\/static-blogs.hoy.es\/wp-content\/uploads\/sites\/45\/2014\/08\/Villareal-2-150x150.jpg\" class=\"attachment-thumbnail size-thumbnail\" alt=\"\" loading=\"lazy\" \/><\/a>\n\t\t\t<\/dt><\/dl><br style=\"clear: both\" \/><dl class='gallery-item'>\n\t\t\t<dt class='gallery-icon landscape'>\n\t\t\t\t<a href=\"https:\/\/static-blogs.hoy.es\/wp-content\/uploads\/sites\/45\/2014\/08\/Villareal-1.jpg\"><img width=\"150\" height=\"150\" src=\"https:\/\/static-blogs.hoy.es\/wp-content\/uploads\/sites\/45\/2014\/08\/Villareal-1-150x150.jpg\" class=\"attachment-thumbnail size-thumbnail\" alt=\"\" loading=\"lazy\" \/><\/a>\n\t\t\t<\/dt><\/dl><dl class='gallery-item'>\n\t\t\t<dt class='gallery-icon landscape'>\n\t\t\t\t<a href=\"https:\/\/static-blogs.hoy.es\/wp-content\/uploads\/sites\/45\/2014\/08\/Villareal-4.jpg\"><img width=\"150\" height=\"150\" src=\"https:\/\/static-blogs.hoy.es\/wp-content\/uploads\/sites\/45\/2014\/08\/Villareal-4-150x150.jpg\" class=\"attachment-thumbnail size-thumbnail\" alt=\"\" loading=\"lazy\" aria-describedby=\"gallery-1-1232\" \/><\/a>\n\t\t\t<\/dt>\n\t\t\t\t<dd class='wp-caption-text gallery-caption' id='gallery-1-1232'>\n\t\t\t\tEmbarcadero de Villareal\n\t\t\t\t<\/dd><\/dl><br style=\"clear: both\" \/>\n\t\t<\/div>\n\n<p>A que est\u00e1s esperando, ve a visitarlo aunque no vayas con la ruta, por cierto si tienes ni\u00f1os hay un parque reci\u00e9n preparado.<\/p>\n<p>Saludos y r\u00e1fagas.<\/p>\n<!-- AddThis Advanced Settings generic via filter on the_content --><!-- AddThis Share Buttons generic via filter on the_content -->","protected":false},"excerpt":{"rendered":"<p>Hay un nuevo embarcadero en Extremadura, se encuentra en la localidad de Villareal, pedan\u00eda de Olivenza (Badajoz). Dicho embarcadero se inaugur\u00f3 a primeros de este mes y la verdad es que merece la pena visitarlo, aunque si vas, volver\u00e1s. Este domingo d\u00eda 17 de agosto, un grupo de amigos con ganas de salir de ruta [&hellip;]<!-- AddThis Advanced Settings generic via filter on get_the_excerpt --><!-- AddThis Share Buttons generic via filter on get_the_excerpt --><\/p>\n","protected":false},"author":49,"featured_media":0,"comment_status":"open","ping_status":"closed","sticky":false,"template":"","format":"standard","meta":[],"categories":[13],"tags":[],"_links":{"self":[{"href":"https:\/\/blogs.hoy.es\/moterosdehoy\/wp-json\/wp\/v2\/posts\/1231"}],"collection":[{"href":"https:\/\/blogs.hoy.es\/moterosdehoy\/wp-json\/wp\/v2\/posts"}],"about":[{"href":"https:\/\/blogs.hoy.es\/moterosdehoy\/wp-json\/wp\/v2\/types\/post"}],"author":[{"embeddable":true,"href":"https:\/\/blogs.hoy.es\/moterosdehoy\/wp-json\/wp\/v2\/users\/49"}],"replies":[{"embeddable":true,"href":"https:\/\/blogs.hoy.es\/moterosdehoy\/wp-json\/wp\/v2\/comments?post=1231"}],"version-history":[{"count":0,"href":"https:\/\/blogs.hoy.es\/moterosdehoy\/wp-json\/wp\/v2\/posts\/1231\/revisions"}],"wp:attachment":[{"href":"https:\/\/blogs.hoy.es\/moterosdehoy\/wp-json\/wp\/v2\/media?parent=1231"}],"wp:term":[{"taxonomy":"category","embeddable":true,"href":"https:\/\/blogs.hoy.es\/moterosdehoy\/wp-json\/wp\/v2\/categories?post=1231"},{"taxonomy":"post_tag","embeddable":true,"href":"https:\/\/blogs.hoy.es\/moterosdehoy\/wp-json\/wp\/v2\/tags?post=1231"}],"curies":[{"name":"wp","href":"https:\/\/api.w.org\/{rel}","templated":true}]}}