{"id":124,"date":"2012-06-18T18:08:17","date_gmt":"2012-06-18T18:08:17","guid":{"rendered":"http:\/\/blogs.hoy.es\/moterosdehoy\/?p=124"},"modified":"2012-06-18T18:08:17","modified_gmt":"2012-06-18T18:08:17","slug":"iv-ruta-motera-covachuelas-24-junio","status":"publish","type":"post","link":"https:\/\/blogs.hoy.es\/moterosdehoy\/2012\/06\/18\/iv-ruta-motera-covachuelas-24-junio\/","title":{"rendered":"IV ruta motera Covachuelas &#8211; TOLEDO &#8211; 24 junio"},"content":{"rendered":"<p style=\"text-align: justify;\">El d\u00eda<strong> 24 de junio de 2012<\/strong>, la <a href=\"http:\/\/www.facebook.com\/penamotera.covachuelas\" target=\"_blank\" rel=\"external nofollow\">pe\u00f1a motera Covachuelas<\/a> organiza la IV RUTA MOTERA COVACHUELAS 2012 &#8211; <strong>TOLEDO<\/strong>.<\/p>\n<p style=\"text-align: justify;\">El lugar de encuentro ser\u00e1 en el parque de Safont (Toledo), junto a la estaci\u00f3n de autobuses.<\/p>\n<p style=\"text-align: justify;\">Para ello han preparado:\u00a0<a href=\"\/moterosdehoy\/wp-content\/uploads\/sites\/45\/2012\/06\/2012-06-24-IV-RUTA-MOTERA-COVACHUELAS-TOLEDO.jpg\"><img loading=\"lazy\" class=\"alignright size-medium wp-image-125\" title=\"2012-06-24 IV-RUTA-MOTERA-COVACHUELAS-TOLEDO\" src=\"\/moterosdehoy\/wp-content\/uploads\/sites\/45\/2012\/06\/2012-06-24-IV-RUTA-MOTERA-COVACHUELAS-TOLEDO.jpg\" alt=\"\" width=\"211\" height=\"300\" srcset=\"https:\/\/static-blogs.hoy.es\/wp-content\/uploads\/sites\/45\/2012\/06\/2012-06-24-IV-RUTA-MOTERA-COVACHUELAS-TOLEDO.jpg 1200w, https:\/\/static-blogs.hoy.es\/wp-content\/uploads\/sites\/45\/2012\/06\/2012-06-24-IV-RUTA-MOTERA-COVACHUELAS-TOLEDO-212x300.jpg 212w, https:\/\/static-blogs.hoy.es\/wp-content\/uploads\/sites\/45\/2012\/06\/2012-06-24-IV-RUTA-MOTERA-COVACHUELAS-TOLEDO-768x1089.jpg 768w, https:\/\/static-blogs.hoy.es\/wp-content\/uploads\/sites\/45\/2012\/06\/2012-06-24-IV-RUTA-MOTERA-COVACHUELAS-TOLEDO-722x1024.jpg 722w\" sizes=\"(max-width: 211px) 100vw, 211px\" \/><\/a><\/p>\n<p style=\"text-align: justify;\">A las <strong>9:00<\/strong> apertura de <strong>inscripciones<\/strong>.<br \/>\nA partir de las <strong>9:30<\/strong> se comenzar\u00e1 con un buen <strong>desayuno<\/strong> (chocolate con churros)<br \/>\nA las <strong>10:30<\/strong> saldr\u00e1n a rodar por toda la zona de los montes de Toledo, haciendo las correspondientes paradas para tomar un refrigerio (<strong>ruta aprox 110 km<\/strong>).<br \/>\nUna vez llegado al punto de partida se tomar\u00e1 otro refrigerio antes de una buena comida, que como siempre nos la preparan con todo el cari\u00f1o nuestros supercheff.<\/p>\n<p>Despues de comer se har\u00e1 la entrega de premios, sorteos y dem\u00e1s cositas.<\/p>\n<p>Indicar que <strong>esta ruta es puntuable para el Campeonato moturismo de castilla la Mancha<\/strong>.<\/p>\n<p>Buen ambiente, Buena gente y sobre todo con muchas ganas de pasarlo bien, \u00e9se es el lema de la concentraci\u00f3n.<\/p>\n<p style=\"text-align: justify;\">Para el caso de que necesit\u00e9is m\u00e1s informaci\u00f3n os dejo un par de tel\u00e9fonos de contacto:\u00a0689623027- Sergio, y\u00a0600434620- Loren<\/p>\n<p style=\"text-align: justify;\"><strong>\u00a0 \u00a0Saludos y r\u00e1fagas.<\/strong><\/p>\n<!-- AddThis Advanced Settings generic via filter on the_content --><!-- AddThis Share Buttons generic via filter on the_content -->","protected":false},"excerpt":{"rendered":"<p>El d\u00eda 24 de junio de 2012, la pe\u00f1a motera Covachuelas organiza la IV RUTA MOTERA COVACHUELAS 2012 &#8211; TOLEDO. El lugar de encuentro ser\u00e1 en el parque de Safont (Toledo), junto a la estaci\u00f3n de autobuses. Para ello han preparado:\u00a0 A las 9:00 apertura de inscripciones. A partir de las 9:30 se comenzar\u00e1 con [&hellip;]<!-- AddThis Advanced Settings generic via filter on get_the_excerpt --><!-- AddThis Share Buttons generic via filter on get_the_excerpt --><\/p>\n","protected":false},"author":49,"featured_media":0,"comment_status":"open","ping_status":"closed","sticky":false,"template":"","format":"standard","meta":[],"categories":[13],"tags":[258,271,622,639,935],"_links":{"self":[{"href":"https:\/\/blogs.hoy.es\/moterosdehoy\/wp-json\/wp\/v2\/posts\/124"}],"collection":[{"href":"https:\/\/blogs.hoy.es\/moterosdehoy\/wp-json\/wp\/v2\/posts"}],"about":[{"href":"https:\/\/blogs.hoy.es\/moterosdehoy\/wp-json\/wp\/v2\/types\/post"}],"author":[{"embeddable":true,"href":"https:\/\/blogs.hoy.es\/moterosdehoy\/wp-json\/wp\/v2\/users\/49"}],"replies":[{"embeddable":true,"href":"https:\/\/blogs.hoy.es\/moterosdehoy\/wp-json\/wp\/v2\/comments?post=124"}],"version-history":[{"count":0,"href":"https:\/\/blogs.hoy.es\/moterosdehoy\/wp-json\/wp\/v2\/posts\/124\/revisions"}],"wp:attachment":[{"href":"https:\/\/blogs.hoy.es\/moterosdehoy\/wp-json\/wp\/v2\/media?parent=124"}],"wp:term":[{"taxonomy":"category","embeddable":true,"href":"https:\/\/blogs.hoy.es\/moterosdehoy\/wp-json\/wp\/v2\/categories?post=124"},{"taxonomy":"post_tag","embeddable":true,"href":"https:\/\/blogs.hoy.es\/moterosdehoy\/wp-json\/wp\/v2\/tags?post=124"}],"curies":[{"name":"wp","href":"https:\/\/api.w.org\/{rel}","templated":true}]}}