{"id":1240,"date":"2014-08-22T09:14:33","date_gmt":"2014-08-22T09:14:33","guid":{"rendered":"http:\/\/blogs.hoy.es\/moterosdehoy\/?p=1240"},"modified":"2014-08-22T09:14:33","modified_gmt":"2014-08-22T09:14:33","slug":"vi-concentracion-de-motos-de-lobon","status":"publish","type":"post","link":"https:\/\/blogs.hoy.es\/moterosdehoy\/2014\/08\/22\/vi-concentracion-de-motos-de-lobon\/","title":{"rendered":"VI Concentraci\u00f3n de motos de Lob\u00f3n"},"content":{"rendered":"<p>Estamos pr\u00f3ximos a las fiestas de San Agust\u00edn y la localidad de Lob\u00f3n (Badajoz) una vez m\u00e1s organiza como otra actividad m\u00e1s una concentraci\u00f3n motera.<\/p>\n<p><a href=\"\/moterosdehoy\/wp-content\/uploads\/sites\/45\/2014\/08\/Cartel-motos-Lobon-2014.jpg\"><img loading=\"lazy\" class=\"alignleft size-medium wp-image-1241\" title=\"Cartel motos Lobon 2014\" src=\"\/moterosdehoy\/wp-content\/uploads\/sites\/45\/2014\/08\/Cartel-motos-Lobon-2014.jpg\" alt=\"\" width=\"211\" height=\"300\" srcset=\"https:\/\/static-blogs.hoy.es\/wp-content\/uploads\/sites\/45\/2014\/08\/Cartel-motos-Lobon-2014.jpg 678w, https:\/\/static-blogs.hoy.es\/wp-content\/uploads\/sites\/45\/2014\/08\/Cartel-motos-Lobon-2014-212x300.jpg 212w\" sizes=\"(max-width: 211px) 100vw, 211px\" \/><\/a>En ediciones anteriores se realiz\u00f3 conjuntamente concetraci\u00f3n de motos y coches cl\u00e1sicos, con lo que en \u00e9sta ocasi\u00f3n ser\u00eda su sexta edici\u00f3n, pero en \u00e9sta ocasi\u00f3n parecen enfocarlo m\u00e1s a las motos, al menos en el cartel, que bajo el nombre, Concentraci\u00f3n de motos, nos tienen preparado para el <strong>d\u00eda 30 de agosto<\/strong> una ruta por su ciudad, desembocando en la caseta mnicipal, donde tendr\u00e1n esperando una paella y un barril de cerveza, para as\u00ed alimentar y refrescar a los participantes.<\/p>\n<p>El <strong>punto de encuentro ser\u00e1 a las 11:30 h<\/strong>, en la Avenida de Extremadura, Lob\u00f3n (antigua traves\u00eda de la localidad)<\/p>\n<p>Este evento va recibiendo cada a\u00f1o que pasa a m\u00e1s moteros, por algo ser\u00e1, por lo que pasa por all\u00ed y ver\u00e1s como te lo pasas bien.<\/p>\n<p>Te dejo un <a title=\"Concentraci\u00f3n motos Lob\u00f3n 2013\" href=\"https:\/\/blogs.hoy.es\/moterosdehoy\/2013\/08\/02\/v-concentracion-de-motos-y-coches-clasicos-de-lobon\/\" target=\"_blank\">enlace al post que puse el a\u00f1o pasado<\/a> en el que aparecen algunas fotos.<\/p>\n<p><strong><a title=\"Enlace al facebook de Moteros de Hoy\" href=\"https:\/\/www.facebook.com\/moteroshoy\" target=\"_blank\" rel=\"external nofollow\">Saludos y r\u00e1fagas<\/a>.<\/strong><\/p>\n<!-- AddThis Advanced Settings generic via filter on the_content --><!-- AddThis Share Buttons generic via filter on the_content -->","protected":false},"excerpt":{"rendered":"<p>Estamos pr\u00f3ximos a las fiestas de San Agust\u00edn y la localidad de Lob\u00f3n (Badajoz) una vez m\u00e1s organiza como otra actividad m\u00e1s una concentraci\u00f3n motera. En ediciones anteriores se realiz\u00f3 conjuntamente concetraci\u00f3n de motos y coches cl\u00e1sicos, con lo que en \u00e9sta ocasi\u00f3n ser\u00eda su sexta edici\u00f3n, pero en \u00e9sta ocasi\u00f3n parecen enfocarlo m\u00e1s a [&hellip;]<!-- AddThis Advanced Settings generic via filter on get_the_excerpt --><!-- AddThis Share Buttons generic via filter on get_the_excerpt --><\/p>\n","protected":false},"author":49,"featured_media":0,"comment_status":"open","ping_status":"closed","sticky":false,"template":"","format":"standard","meta":[],"categories":[13],"tags":[611,613,622,624,996],"_links":{"self":[{"href":"https:\/\/blogs.hoy.es\/moterosdehoy\/wp-json\/wp\/v2\/posts\/1240"}],"collection":[{"href":"https:\/\/blogs.hoy.es\/moterosdehoy\/wp-json\/wp\/v2\/posts"}],"about":[{"href":"https:\/\/blogs.hoy.es\/moterosdehoy\/wp-json\/wp\/v2\/types\/post"}],"author":[{"embeddable":true,"href":"https:\/\/blogs.hoy.es\/moterosdehoy\/wp-json\/wp\/v2\/users\/49"}],"replies":[{"embeddable":true,"href":"https:\/\/blogs.hoy.es\/moterosdehoy\/wp-json\/wp\/v2\/comments?post=1240"}],"version-history":[{"count":0,"href":"https:\/\/blogs.hoy.es\/moterosdehoy\/wp-json\/wp\/v2\/posts\/1240\/revisions"}],"wp:attachment":[{"href":"https:\/\/blogs.hoy.es\/moterosdehoy\/wp-json\/wp\/v2\/media?parent=1240"}],"wp:term":[{"taxonomy":"category","embeddable":true,"href":"https:\/\/blogs.hoy.es\/moterosdehoy\/wp-json\/wp\/v2\/categories?post=1240"},{"taxonomy":"post_tag","embeddable":true,"href":"https:\/\/blogs.hoy.es\/moterosdehoy\/wp-json\/wp\/v2\/tags?post=1240"}],"curies":[{"name":"wp","href":"https:\/\/api.w.org\/{rel}","templated":true}]}}