{"id":1243,"date":"2014-08-29T18:12:24","date_gmt":"2014-08-29T18:12:24","guid":{"rendered":"http:\/\/blogs.hoy.es\/moterosdehoy\/?p=1243"},"modified":"2014-08-29T18:12:24","modified_gmt":"2014-08-29T18:12:24","slug":"concentracion-motera-en-almendralejo","status":"publish","type":"post","link":"https:\/\/blogs.hoy.es\/moterosdehoy\/2014\/08\/29\/concentracion-motera-en-almendralejo\/","title":{"rendered":"Concentraci\u00f3n motera en Almendralejo"},"content":{"rendered":"<p>\u00c9ste fin de semana la Pe\u00f1a Motera &#8220;Los Castuos&#8221; nos traen una concentraci\u00f3n motera en su localidad, bajo el nombre de <strong>XIV Concentraci\u00f3n Motera Ciudad de Almendralejo<\/strong>.<\/p>\n<p><a href=\"\/moterosdehoy\/wp-content\/uploads\/sites\/45\/2014\/08\/Concentra-Almendralejo.jpg\"><img loading=\"lazy\" class=\"alignleft size-medium wp-image-1244\" title=\"Concentra Almendralejo\" src=\"\/moterosdehoy\/wp-content\/uploads\/sites\/45\/2014\/08\/Concentra-Almendralejo.jpg\" alt=\"\" width=\"214\" height=\"300\" srcset=\"https:\/\/static-blogs.hoy.es\/wp-content\/uploads\/sites\/45\/2014\/08\/Concentra-Almendralejo.jpg 480w, https:\/\/static-blogs.hoy.es\/wp-content\/uploads\/sites\/45\/2014\/08\/Concentra-Almendralejo-214x300.jpg 214w\" sizes=\"(max-width: 214px) 100vw, 214px\" \/><\/a>Tendr\u00e1 lugar en el pol\u00edgono &#8220;Las Picadas II&#8221; de Almendralejo, durante el s\u00e1bado 30 y domingo 31 de agosto, con unos precios de inscripci\u00f3n de 10\u20ac para el s\u00e1bado\/domingo y 8\u20ac para el domingo.<\/p>\n<p>El s\u00e1bado habr\u00e1 parrillada nocturna, amenizada con m\u00fasica por DJ, y el domingo a las 09:30h ya estar\u00e1n esperando de nuevo a los participantes, puesto que durante la ma\u00f1ana llegar\u00e1 el plato fuerte con ruta turistica, paradas para refrigerios y poder ver el Gran Premio de Silverstone.<\/p>\n<p>Posteriormente sobre las 15 horas ser\u00e1 la comida y sorteo de regalos.<\/p>\n<p>Una buena concentraci\u00f3n para pasar la noche del s\u00e1bado y ma\u00f1ana del domingo en compa\u00f1\u00eda de los colegas moteros.<\/p>\n<p>Saludos y r\u00e1fagas.<\/p>\n<!-- AddThis Advanced Settings generic via filter on the_content --><!-- AddThis Share Buttons generic via filter on the_content -->","protected":false},"excerpt":{"rendered":"<p>\u00c9ste fin de semana la Pe\u00f1a Motera &#8220;Los Castuos&#8221; nos traen una concentraci\u00f3n motera en su localidad, bajo el nombre de XIV Concentraci\u00f3n Motera Ciudad de Almendralejo. Tendr\u00e1 lugar en el pol\u00edgono &#8220;Las Picadas II&#8221; de Almendralejo, durante el s\u00e1bado 30 y domingo 31 de agosto, con unos precios de inscripci\u00f3n de 10\u20ac para el [&hellip;]<!-- AddThis Advanced Settings generic via filter on get_the_excerpt --><!-- AddThis Share Buttons generic via filter on get_the_excerpt --><\/p>\n","protected":false},"author":49,"featured_media":0,"comment_status":"open","ping_status":"closed","sticky":false,"template":"","format":"standard","meta":[],"categories":[13],"tags":[622,624,629,666,1031],"_links":{"self":[{"href":"https:\/\/blogs.hoy.es\/moterosdehoy\/wp-json\/wp\/v2\/posts\/1243"}],"collection":[{"href":"https:\/\/blogs.hoy.es\/moterosdehoy\/wp-json\/wp\/v2\/posts"}],"about":[{"href":"https:\/\/blogs.hoy.es\/moterosdehoy\/wp-json\/wp\/v2\/types\/post"}],"author":[{"embeddable":true,"href":"https:\/\/blogs.hoy.es\/moterosdehoy\/wp-json\/wp\/v2\/users\/49"}],"replies":[{"embeddable":true,"href":"https:\/\/blogs.hoy.es\/moterosdehoy\/wp-json\/wp\/v2\/comments?post=1243"}],"version-history":[{"count":0,"href":"https:\/\/blogs.hoy.es\/moterosdehoy\/wp-json\/wp\/v2\/posts\/1243\/revisions"}],"wp:attachment":[{"href":"https:\/\/blogs.hoy.es\/moterosdehoy\/wp-json\/wp\/v2\/media?parent=1243"}],"wp:term":[{"taxonomy":"category","embeddable":true,"href":"https:\/\/blogs.hoy.es\/moterosdehoy\/wp-json\/wp\/v2\/categories?post=1243"},{"taxonomy":"post_tag","embeddable":true,"href":"https:\/\/blogs.hoy.es\/moterosdehoy\/wp-json\/wp\/v2\/tags?post=1243"}],"curies":[{"name":"wp","href":"https:\/\/api.w.org\/{rel}","templated":true}]}}