{"id":1246,"date":"2014-09-01T19:02:31","date_gmt":"2014-09-01T19:02:31","guid":{"rendered":"http:\/\/blogs.hoy.es\/moterosdehoy\/?p=1246"},"modified":"2014-09-01T19:02:31","modified_gmt":"2014-09-01T19:02:31","slug":"fotos-de-la-concentracion-de-almendralejo","status":"publish","type":"post","link":"https:\/\/blogs.hoy.es\/moterosdehoy\/2014\/09\/01\/fotos-de-la-concentracion-de-almendralejo\/","title":{"rendered":"Fotos de la concentraci\u00f3n de Almendralejo"},"content":{"rendered":"<p>Como estaba anunciado el fin de semana del 30 y 31 de agosto, tuvo lugar de la mano de la Pe\u00f1a Motera &#8220;Los Castuos&#8221; la <a title=\"XIV Concentraci\u00f3n motera Almendralejo\" href=\"https:\/\/blogs.hoy.es\/moterosdehoy\/2014\/08\/29\/concentracion-motera-en-almendralejo\/\">d\u00e9cimo cuarta concentraci\u00f3n motera de Almendralejo<\/a>.<\/p>\n<p>A pesar del gran calor del domingo fue todo un \u00e9xito y nos reunimos muchos moteros, para pasar un buen rato entre amigos, en los que pudimos disfrutar de m\u00fasica, refrescos y un proyector para ver en grande las carreras de Silverstone.\u00a0<!--more--><\/p>\n<p>Por poner alguna pega, hay que decir que se olvidaron de poner carteles indicando donde se encontraba la concentraci\u00f3n, aunque hab\u00edan colegas moteros que cuando ve\u00edan un grupo dando vueltas, los recog\u00edan y llevaban al lugar. Otra pega m\u00e1s molesta para los que pernoctaron en el lugar habilitado para poner tiendas, fue que se encontraba junto a la perrera municipal y los perritos tambi\u00e9n ten\u00edan ganas de fiesta.<\/p>\n<p>Aqu\u00ed os dejo unas fotos:<\/p>\n\n\t\t<style type=\"text\/css\">\n\t\t\t#gallery-1 {\n\t\t\t\tmargin: auto;\n\t\t\t}\n\t\t\t#gallery-1 .gallery-item {\n\t\t\t\tfloat: left;\n\t\t\t\tmargin-top: 10px;\n\t\t\t\ttext-align: center;\n\t\t\t\twidth: 33%;\n\t\t\t}\n\t\t\t#gallery-1 img {\n\t\t\t\tborder: 2px solid #cfcfcf;\n\t\t\t}\n\t\t\t#gallery-1 .gallery-caption {\n\t\t\t\tmargin-left: 0;\n\t\t\t}\n\t\t\t\/* see gallery_shortcode() in wp-includes\/media.php *\/\n\t\t<\/style>\n\t\t<div id='gallery-1' class='gallery galleryid-1246 gallery-columns-3 gallery-size-thumbnail'><dl class='gallery-item'>\n\t\t\t<dt class='gallery-icon landscape'>\n\t\t\t\t<a href=\"https:\/\/static-blogs.hoy.es\/wp-content\/uploads\/sites\/45\/2014\/09\/image.jpeg\"><img width=\"150\" height=\"150\" src=\"https:\/\/static-blogs.hoy.es\/wp-content\/uploads\/sites\/45\/2014\/09\/image-150x150.jpeg\" class=\"attachment-thumbnail size-thumbnail\" alt=\"\" loading=\"lazy\" \/><\/a>\n\t\t\t<\/dt><\/dl><dl class='gallery-item'>\n\t\t\t<dt class='gallery-icon landscape'>\n\t\t\t\t<a href=\"https:\/\/static-blogs.hoy.es\/wp-content\/uploads\/sites\/45\/2014\/09\/image_1.jpeg\"><img width=\"150\" height=\"150\" src=\"https:\/\/static-blogs.hoy.es\/wp-content\/uploads\/sites\/45\/2014\/09\/image_1-150x150.jpeg\" class=\"attachment-thumbnail size-thumbnail\" alt=\"\" loading=\"lazy\" \/><\/a>\n\t\t\t<\/dt><\/dl><dl class='gallery-item'>\n\t\t\t<dt class='gallery-icon landscape'>\n\t\t\t\t<a href=\"https:\/\/static-blogs.hoy.es\/wp-content\/uploads\/sites\/45\/2014\/09\/image_2.jpeg\"><img width=\"150\" height=\"150\" src=\"https:\/\/static-blogs.hoy.es\/wp-content\/uploads\/sites\/45\/2014\/09\/image_2-150x150.jpeg\" class=\"attachment-thumbnail size-thumbnail\" alt=\"\" loading=\"lazy\" \/><\/a>\n\t\t\t<\/dt><\/dl><br style=\"clear: both\" \/><dl class='gallery-item'>\n\t\t\t<dt class='gallery-icon landscape'>\n\t\t\t\t<a href=\"https:\/\/static-blogs.hoy.es\/wp-content\/uploads\/sites\/45\/2014\/09\/image_3.jpeg\"><img width=\"150\" height=\"150\" src=\"https:\/\/static-blogs.hoy.es\/wp-content\/uploads\/sites\/45\/2014\/09\/image_3-150x150.jpeg\" class=\"attachment-thumbnail size-thumbnail\" alt=\"\" loading=\"lazy\" \/><\/a>\n\t\t\t<\/dt><\/dl><dl class='gallery-item'>\n\t\t\t<dt class='gallery-icon landscape'>\n\t\t\t\t<a href=\"https:\/\/static-blogs.hoy.es\/wp-content\/uploads\/sites\/45\/2014\/09\/image_4.jpeg\"><img width=\"150\" height=\"150\" src=\"https:\/\/static-blogs.hoy.es\/wp-content\/uploads\/sites\/45\/2014\/09\/image_4-150x150.jpeg\" class=\"attachment-thumbnail size-thumbnail\" alt=\"\" loading=\"lazy\" \/><\/a>\n\t\t\t<\/dt><\/dl><dl class='gallery-item'>\n\t\t\t<dt class='gallery-icon landscape'>\n\t\t\t\t<a href=\"https:\/\/static-blogs.hoy.es\/wp-content\/uploads\/sites\/45\/2014\/09\/image_5.jpeg\"><img width=\"150\" height=\"150\" src=\"https:\/\/static-blogs.hoy.es\/wp-content\/uploads\/sites\/45\/2014\/09\/image_5-150x150.jpeg\" class=\"attachment-thumbnail size-thumbnail\" alt=\"\" loading=\"lazy\" \/><\/a>\n\t\t\t<\/dt><\/dl><br style=\"clear: both\" \/><dl class='gallery-item'>\n\t\t\t<dt class='gallery-icon landscape'>\n\t\t\t\t<a href=\"https:\/\/static-blogs.hoy.es\/wp-content\/uploads\/sites\/45\/2014\/09\/image_7.jpeg\"><img width=\"150\" height=\"150\" src=\"https:\/\/static-blogs.hoy.es\/wp-content\/uploads\/sites\/45\/2014\/09\/image_7-150x150.jpeg\" class=\"attachment-thumbnail size-thumbnail\" alt=\"\" loading=\"lazy\" \/><\/a>\n\t\t\t<\/dt><\/dl><dl class='gallery-item'>\n\t\t\t<dt class='gallery-icon landscape'>\n\t\t\t\t<a href=\"https:\/\/static-blogs.hoy.es\/wp-content\/uploads\/sites\/45\/2014\/09\/image_8.jpeg\"><img width=\"150\" height=\"150\" src=\"https:\/\/static-blogs.hoy.es\/wp-content\/uploads\/sites\/45\/2014\/09\/image_8-150x150.jpeg\" class=\"attachment-thumbnail size-thumbnail\" alt=\"\" loading=\"lazy\" \/><\/a>\n\t\t\t<\/dt><\/dl><dl class='gallery-item'>\n\t\t\t<dt class='gallery-icon landscape'>\n\t\t\t\t<a href=\"https:\/\/static-blogs.hoy.es\/wp-content\/uploads\/sites\/45\/2014\/09\/image_9.jpeg\"><img width=\"150\" height=\"150\" src=\"https:\/\/static-blogs.hoy.es\/wp-content\/uploads\/sites\/45\/2014\/09\/image_9-150x150.jpeg\" class=\"attachment-thumbnail size-thumbnail\" alt=\"\" loading=\"lazy\" \/><\/a>\n\t\t\t<\/dt><\/dl><br style=\"clear: both\" \/><dl class='gallery-item'>\n\t\t\t<dt class='gallery-icon landscape'>\n\t\t\t\t<a href=\"https:\/\/static-blogs.hoy.es\/wp-content\/uploads\/sites\/45\/2014\/09\/image_10.jpeg\"><img width=\"150\" height=\"150\" src=\"https:\/\/static-blogs.hoy.es\/wp-content\/uploads\/sites\/45\/2014\/09\/image_10-150x150.jpeg\" class=\"attachment-thumbnail size-thumbnail\" alt=\"\" loading=\"lazy\" \/><\/a>\n\t\t\t<\/dt><\/dl><dl class='gallery-item'>\n\t\t\t<dt class='gallery-icon landscape'>\n\t\t\t\t<a href=\"https:\/\/static-blogs.hoy.es\/wp-content\/uploads\/sites\/45\/2014\/09\/image_11.jpeg\"><img width=\"150\" height=\"150\" src=\"https:\/\/static-blogs.hoy.es\/wp-content\/uploads\/sites\/45\/2014\/09\/image_11-150x150.jpeg\" class=\"attachment-thumbnail size-thumbnail\" alt=\"\" loading=\"lazy\" \/><\/a>\n\t\t\t<\/dt><\/dl><dl class='gallery-item'>\n\t\t\t<dt class='gallery-icon landscape'>\n\t\t\t\t<a href=\"https:\/\/static-blogs.hoy.es\/wp-content\/uploads\/sites\/45\/2014\/09\/image_12.jpeg\"><img width=\"150\" height=\"150\" src=\"https:\/\/static-blogs.hoy.es\/wp-content\/uploads\/sites\/45\/2014\/09\/image_12-150x150.jpeg\" class=\"attachment-thumbnail size-thumbnail\" alt=\"\" loading=\"lazy\" \/><\/a>\n\t\t\t<\/dt><\/dl><br style=\"clear: both\" \/><dl class='gallery-item'>\n\t\t\t<dt class='gallery-icon landscape'>\n\t\t\t\t<a href=\"https:\/\/static-blogs.hoy.es\/wp-content\/uploads\/sites\/45\/2014\/09\/image_13.jpeg\"><img width=\"150\" height=\"150\" src=\"https:\/\/static-blogs.hoy.es\/wp-content\/uploads\/sites\/45\/2014\/09\/image_13-150x150.jpeg\" class=\"attachment-thumbnail size-thumbnail\" alt=\"\" loading=\"lazy\" \/><\/a>\n\t\t\t<\/dt><\/dl><dl class='gallery-item'>\n\t\t\t<dt class='gallery-icon landscape'>\n\t\t\t\t<a href=\"https:\/\/static-blogs.hoy.es\/wp-content\/uploads\/sites\/45\/2014\/09\/image_14.jpeg\"><img width=\"150\" height=\"150\" src=\"https:\/\/static-blogs.hoy.es\/wp-content\/uploads\/sites\/45\/2014\/09\/image_14-150x150.jpeg\" class=\"attachment-thumbnail size-thumbnail\" alt=\"\" loading=\"lazy\" \/><\/a>\n\t\t\t<\/dt><\/dl><dl class='gallery-item'>\n\t\t\t<dt class='gallery-icon portrait'>\n\t\t\t\t<a href=\"https:\/\/static-blogs.hoy.es\/wp-content\/uploads\/sites\/45\/2014\/09\/image_6.jpeg\"><img width=\"150\" height=\"150\" src=\"https:\/\/static-blogs.hoy.es\/wp-content\/uploads\/sites\/45\/2014\/09\/image_6-150x150.jpeg\" class=\"attachment-thumbnail size-thumbnail\" alt=\"\" loading=\"lazy\" \/><\/a>\n\t\t\t<\/dt><\/dl><br style=\"clear: both\" \/>\n\t\t<\/div>\n\n<p>Saludos y r\u00e1fagas.<\/p>\n<!-- AddThis Advanced Settings generic via filter on the_content --><!-- AddThis Share Buttons generic via filter on the_content -->","protected":false},"excerpt":{"rendered":"<p>Como estaba anunciado el fin de semana del 30 y 31 de agosto, tuvo lugar de la mano de la Pe\u00f1a Motera &#8220;Los Castuos&#8221; la d\u00e9cimo cuarta concentraci\u00f3n motera de Almendralejo. A pesar del gran calor del domingo fue todo un \u00e9xito y nos reunimos muchos moteros, para pasar un buen rato entre amigos, en [&hellip;]<!-- AddThis Advanced Settings generic via filter on get_the_excerpt --><!-- AddThis Share Buttons generic via filter on get_the_excerpt --><\/p>\n","protected":false},"author":49,"featured_media":0,"comment_status":"open","ping_status":"closed","sticky":false,"template":"","format":"standard","meta":[],"categories":[7,13],"tags":[577,613,622,624,1031],"_links":{"self":[{"href":"https:\/\/blogs.hoy.es\/moterosdehoy\/wp-json\/wp\/v2\/posts\/1246"}],"collection":[{"href":"https:\/\/blogs.hoy.es\/moterosdehoy\/wp-json\/wp\/v2\/posts"}],"about":[{"href":"https:\/\/blogs.hoy.es\/moterosdehoy\/wp-json\/wp\/v2\/types\/post"}],"author":[{"embeddable":true,"href":"https:\/\/blogs.hoy.es\/moterosdehoy\/wp-json\/wp\/v2\/users\/49"}],"replies":[{"embeddable":true,"href":"https:\/\/blogs.hoy.es\/moterosdehoy\/wp-json\/wp\/v2\/comments?post=1246"}],"version-history":[{"count":0,"href":"https:\/\/blogs.hoy.es\/moterosdehoy\/wp-json\/wp\/v2\/posts\/1246\/revisions"}],"wp:attachment":[{"href":"https:\/\/blogs.hoy.es\/moterosdehoy\/wp-json\/wp\/v2\/media?parent=1246"}],"wp:term":[{"taxonomy":"category","embeddable":true,"href":"https:\/\/blogs.hoy.es\/moterosdehoy\/wp-json\/wp\/v2\/categories?post=1246"},{"taxonomy":"post_tag","embeddable":true,"href":"https:\/\/blogs.hoy.es\/moterosdehoy\/wp-json\/wp\/v2\/tags?post=1246"}],"curies":[{"name":"wp","href":"https:\/\/api.w.org\/{rel}","templated":true}]}}