{"id":1265,"date":"2014-09-02T15:37:31","date_gmt":"2014-09-02T15:37:31","guid":{"rendered":"http:\/\/blogs.hoy.es\/moterosdehoy\/?p=1265"},"modified":"2014-09-02T15:37:31","modified_gmt":"2014-09-02T15:37:31","slug":"xii-concentracion-coria","status":"publish","type":"post","link":"https:\/\/blogs.hoy.es\/moterosdehoy\/2014\/09\/02\/xii-concentracion-coria\/","title":{"rendered":"XII Concentraci\u00f3n Coria"},"content":{"rendered":"<p>La Pe\u00f1a Motera &#8220;Esperando&#8221; nos tiene preparado un buen fin de semana motero. Para ello y como en a\u00f1os anteriores han organizado una concentraci\u00f3n motera en su localidad. Para los que no los conoc\u00e9is son de <a title=\"Coria en wikipedia\" href=\"http:\/\/es.wikipedia.org\/wiki\/Coria\" target=\"_blank\" rel=\"external nofollow\">Coria<\/a>, localidad situada a unos 68 kil\u00f3metros hacia el noreste de C\u00e1ceres capital.<\/p>\n<div id=\"attachment_1266\" style=\"width: 223px\" class=\"wp-caption alignleft\"><a href=\"\/moterosdehoy\/wp-content\/uploads\/sites\/45\/2014\/09\/Coria-sept-2014.jpg\"><img aria-describedby=\"caption-attachment-1266\" loading=\"lazy\" class=\"size-medium wp-image-1266\" title=\"Coria sept 2014\" src=\"\/moterosdehoy\/wp-content\/uploads\/sites\/45\/2014\/09\/Coria-sept-2014.jpg\" alt=\"\" width=\"213\" height=\"300\" srcset=\"https:\/\/static-blogs.hoy.es\/wp-content\/uploads\/sites\/45\/2014\/09\/Coria-sept-2014.jpg 682w, https:\/\/static-blogs.hoy.es\/wp-content\/uploads\/sites\/45\/2014\/09\/Coria-sept-2014-213x300.jpg 213w\" sizes=\"(max-width: 213px) 100vw, 213px\" \/><\/a><p id=\"caption-attachment-1266\" class=\"wp-caption-text\">Cartel del evento<\/p><\/div>\n<p>En esta ocasi\u00f3n ser\u00e1 la doceava concentraci\u00f3n motera y tendr\u00e1 lugar en el fin de semana que trascurrir\u00e1 en los d\u00edas <strong>5, 6 y 7 de septiembre 2014<\/strong>.<\/p>\n<p>Este a\u00f1o han bajado los precios de las inscripciones:\u00a0<strong>Viernes, s\u00e1bado y domingo:<\/strong> 20 \u20ac para los socios y <strong>25 \u20ac<\/strong> para los no socios.\u00a0<strong>Domingo: 15 \u20ac para todos<\/strong>.<\/p>\n<p>Con las inscripci\u00f3n da acceso a disfrutar de:<br \/>\n&#8211; Rutas con ca\u00f1as y pinchos\u00a0<!--more--><br \/>\n&#8211; Comida del s\u00e1bado en la Plaza del Norte<br \/>\n&#8211; Cena del s\u00e1bado en Hotel-Rte. Sumaiya El Palacio<br \/>\n&#8211; Desayuno el domingo en la Plaza del Norte<br \/>\n&#8211; Comida el domingo en Rte. San Cristobal<br \/>\n&#8211; Actuaciones musicales, viernes y s\u00e1bado<br \/>\n&#8211; Aparcamiento vigilado en la Plaza de la Paz<br \/>\n&#8211; Zona de acampada gratuita en el camping La Isla<br \/>\n&#8211; Bolsa de bienvenida y ca\u00f1a<br \/>\n&#8211; Regalos y sorteos<\/p>\n<p><strong>PROGRAMA DE LA CONCENTRACI\u00d3N:<\/strong><\/p>\n<p><strong>VIERNES<\/strong>:<br \/>\n&#8211; Apertura de inscripciones a las 18:30 h. en Plaza del Norte<br \/>\n&#8211; Bolsa de bienvenida<br \/>\n&#8211; Actuaci\u00f3n musical en Plaza del Norte<br \/>\n&#8211;<a title=\"Actuaci\u00f3n de Diana Mart\u00edn\" href=\"https:\/\/www.youtube.com\/watch?v=rkLJCWAlUpw&#038;feature=youtu.be\" target=\"_blank\" rel=\"external nofollow\">Diana Mart\u00edn<\/a><br \/>\n&#8211;<a title=\"Actuaci\u00f3n de Manolo el Burro &#038; Cia\" href=\"https:\/\/www.youtube.com\/watch?v=XeVMmlCrJzA&#038;feature=youtu.be\" target=\"_blank\" rel=\"external nofollow\">Manolo el Burro &#038; Cia<\/a><\/p>\n<p><strong>S\u00c1BADO<\/strong>:<br \/>\n&#8211; Apertura de inscripciones a las 9:30 h. en Plaza del Norte<br \/>\n&#8211; Bolsa de bienvenida y ca\u00f1a<br \/>\n&#8211; Ruta: salida desde Plaza del Norte a las 10:30 h. (aproximadamente) hacia Moraleja (parada),\u00a0Hu\u00e9laga (parada) y Coria<br \/>\n&#8211; Comida en Plaza del Norte: paella y carne a la plancha<br \/>\n&#8211; Apertura de inscripciones a las 18:30 h. en Plaza del Norte<br \/>\n&#8211; Ruta bar\u00edtima por los bares de la ciudad con 4 ca\u00f1as gratis<br \/>\n&#8211; Cena: Hotel Restaurante Sumaiya El Palacio<br \/>\n-Men\u00fa: -Ensalada campera<br \/>\n-Pechuga de pollo a la Villaroy con salsa de tomate del Alag\u00f3n<br \/>\n-Arroz con leche<br \/>\n-Agua, vino, gaseosa y pan<br \/>\n&#8211; Actuaci\u00f3n musical en Plaza del Norte<br \/>\n&#8211;<a title=\"Acceso a actuaci\u00f3n\" href=\"https:\/\/www.youtube.com\/watch?v=f3LIteBn42g&#038;feature=youtu.be\" target=\"_blank\" rel=\"external nofollow\">Cover Music Box<\/a><\/p>\n<p><strong>DOMINGO<\/strong>:<br \/>\n&#8211; Apertura de inscripciones a las 9.30 h en Plaza del Norte<br \/>\n&#8211; Desayuno en Plaza del Norte<br \/>\n&#8211; Ruta: salida desde Plaza del Norte a las 10:30 h. hacia Montehermoso (parada), Pazuelo de Zarz\u00f3n y Casas de Don G\u00f3mez (parada) y Coria<br \/>\n&#8211; Comida en Restaurante San Cristobal<br \/>\n-Men\u00fa: -Macarrones a la bolo\u00f1esa<br \/>\n-Carne estofada con guarnici\u00f3n<br \/>\n-Postre helado<br \/>\n-Pan, vino, gaseosa y agua<br \/>\n-Regalos y sorteos<\/p>\n<p>He puesto los enlaces en los grupos musicales para que nadie se lleve a enga\u00f1o, esperando un tipo de m\u00fasica que no tenga nada que ver.<\/p>\n<p>\u00a1Venga, a disfrutar de la concentraci\u00f3n!<\/p>\n<p><strong>Saludos y r\u00e1fagas.<\/strong><\/p>\n<!-- AddThis Advanced Settings generic via filter on the_content --><!-- AddThis Share Buttons generic via filter on the_content -->","protected":false},"excerpt":{"rendered":"<p>La Pe\u00f1a Motera &#8220;Esperando&#8221; nos tiene preparado un buen fin de semana motero. Para ello y como en a\u00f1os anteriores han organizado una concentraci\u00f3n motera en su localidad. Para los que no los conoc\u00e9is son de Coria, localidad situada a unos 68 kil\u00f3metros hacia el noreste de C\u00e1ceres capital. En esta ocasi\u00f3n ser\u00e1 la doceava [&hellip;]<!-- AddThis Advanced Settings generic via filter on get_the_excerpt --><!-- AddThis Share Buttons generic via filter on get_the_excerpt --><\/p>\n","protected":false},"author":49,"featured_media":0,"comment_status":"open","ping_status":"closed","sticky":false,"template":"","format":"standard","meta":[],"categories":[13],"tags":[233,613,622,624,763,1028],"_links":{"self":[{"href":"https:\/\/blogs.hoy.es\/moterosdehoy\/wp-json\/wp\/v2\/posts\/1265"}],"collection":[{"href":"https:\/\/blogs.hoy.es\/moterosdehoy\/wp-json\/wp\/v2\/posts"}],"about":[{"href":"https:\/\/blogs.hoy.es\/moterosdehoy\/wp-json\/wp\/v2\/types\/post"}],"author":[{"embeddable":true,"href":"https:\/\/blogs.hoy.es\/moterosdehoy\/wp-json\/wp\/v2\/users\/49"}],"replies":[{"embeddable":true,"href":"https:\/\/blogs.hoy.es\/moterosdehoy\/wp-json\/wp\/v2\/comments?post=1265"}],"version-history":[{"count":0,"href":"https:\/\/blogs.hoy.es\/moterosdehoy\/wp-json\/wp\/v2\/posts\/1265\/revisions"}],"wp:attachment":[{"href":"https:\/\/blogs.hoy.es\/moterosdehoy\/wp-json\/wp\/v2\/media?parent=1265"}],"wp:term":[{"taxonomy":"category","embeddable":true,"href":"https:\/\/blogs.hoy.es\/moterosdehoy\/wp-json\/wp\/v2\/categories?post=1265"},{"taxonomy":"post_tag","embeddable":true,"href":"https:\/\/blogs.hoy.es\/moterosdehoy\/wp-json\/wp\/v2\/tags?post=1265"}],"curies":[{"name":"wp","href":"https:\/\/api.w.org\/{rel}","templated":true}]}}