{"id":1267,"date":"2014-09-04T17:36:16","date_gmt":"2014-09-04T17:36:16","guid":{"rendered":"http:\/\/blogs.hoy.es\/moterosdehoy\/?p=1267"},"modified":"2014-09-04T17:36:16","modified_gmt":"2014-09-04T17:36:16","slug":"ii-hermanamiento-motero-solidario-hispano-luso","status":"publish","type":"post","link":"https:\/\/blogs.hoy.es\/moterosdehoy\/2014\/09\/04\/ii-hermanamiento-motero-solidario-hispano-luso\/","title":{"rendered":"II Hermanamiento Motero Solidario Hispano-Luso"},"content":{"rendered":"<p>El pr\u00f3ximo 14 de septiembre de 2014, tendr\u00e1 lugar el segundo Hermanamiento Motero Solidario Hispano-Luso.<\/p>\n<div id=\"attachment_1268\" style=\"width: 221px\" class=\"wp-caption alignleft\"><a href=\"\/moterosdehoy\/wp-content\/uploads\/sites\/45\/2014\/09\/II-Hermanamiento-motero.jpg\"><img aria-describedby=\"caption-attachment-1268\" loading=\"lazy\" class=\"size-medium wp-image-1268\" title=\"II Hermanamiento motero\" src=\"\/moterosdehoy\/wp-content\/uploads\/sites\/45\/2014\/09\/II-Hermanamiento-motero.jpg\" alt=\"\" width=\"211\" height=\"300\" srcset=\"https:\/\/static-blogs.hoy.es\/wp-content\/uploads\/sites\/45\/2014\/09\/II-Hermanamiento-motero.jpg 678w, https:\/\/static-blogs.hoy.es\/wp-content\/uploads\/sites\/45\/2014\/09\/II-Hermanamiento-motero-212x300.jpg 212w\" sizes=\"(max-width: 211px) 100vw, 211px\" \/><\/a><p id=\"caption-attachment-1268\" class=\"wp-caption-text\">Cartel del evento<\/p><\/div>\n<p>Como en la edici\u00f3n anterior estar\u00e1 organizado por el Bar la Soledad, de Badajoz. Dicho bar se encuentra en la barriada de San Roque, frente a la antigua parroquia, donde se realizar\u00e1 entrega de todos los alimentos no perecederos que llevemos los moteros.<\/p>\n<p><strong>PROGRAMA:<\/strong><\/p>\n<p><strong>08:00<\/strong> &#8211; Encuentro en el Bar la Soledad ( San Roque) para desayuno<br \/>\n<strong>10:00<\/strong> &#8211; Salida hacia Elvas\u00a0<!--more--><br \/>\n<strong>10:30<\/strong> &#8211; Encuentro entre clubes portugueses y espa\u00f1oles en la Plaza de la Rep\u00fablica<br \/>\n<strong>11:30<\/strong> &#8211; Salida de Elvas hacia Puente de Ayuda para dirigirnos a Olivenza con visita por la ciudad. Parada para un refrigerio en :<br \/>\n&#8211; Restaurante Los Amigos<br \/>\n&#8211; Taberna Kiko<br \/>\n<strong>13:30<\/strong> &#8211; Salida de Olivenza para Badajoz (Bar la Soledad) donde se iniciar\u00e1 la fiesta.<br \/>\nBendici\u00f3n de los cascos, minuto de silencio por los hermanos fallecidos y entrega de alimentos a Caritas Parroquial. Una vez finalizado disfrutaremos de barbacoa, musica, sorteos y varios stands con material motero.<\/p>\n<p>Desde la organizaci\u00f3n recuerdan que los horarios establecidos son orientativos, y por supuesto abogan al respeto y buena conducta de todos los participantes para poder disponer de un gran d\u00eda como en la <a title=\"Transcurso del primer hermanamiento\" href=\"https:\/\/blogs.hoy.es\/moterosdehoy\/2014\/04\/12\/transcurso-del-hermanamiento-motero\/\" target=\"_blank\">edici\u00f3n anterior<\/a>. Si quieres ver <a title=\"Fotos de la edici\u00f3n anterior\" href=\"http:\/\/www.moterosdehoy.es\/2014\/04\/24\/fotos-del-hermanamiento-motero-hispano-luso\/\" target=\"_blank\" rel=\"external nofollow\">fotos de la edici\u00f3n anterior clic aqu\u00ed<\/a>.<\/p>\n<p><strong>NO HAY INSCRIPCI\u00d3N<\/strong>, solo hay que asistir, por ello recuerda llevar alg\u00fan kilo de alimento no perecedero (arroz, legumbres, enlatados con mucha fecha de caducidad&#8230;) Han creado un<a title=\"Evento del II Hermanamiento Motero Solidario Hispano-Luso\" href=\"https:\/\/www.facebook.com\/events\/290781234454371\/?ref_dashboard_filter=calendar\" target=\"_blank\" rel=\"external nofollow\"> evento en facebook del que pongo el enlace<\/a> y si es posible desde la organizaci\u00f3n agradecen que pongas que asistir\u00e1s por calcular asistentes para la hora de la comida.<\/p>\n<p>Saludos y r\u00e1fagas.<\/p>\n<p>&nbsp;<\/p>\n<!-- AddThis Advanced Settings generic via filter on the_content --><!-- AddThis Share Buttons generic via filter on the_content -->","protected":false},"excerpt":{"rendered":"<p>El pr\u00f3ximo 14 de septiembre de 2014, tendr\u00e1 lugar el segundo Hermanamiento Motero Solidario Hispano-Luso. Como en la edici\u00f3n anterior estar\u00e1 organizado por el Bar la Soledad, de Badajoz. Dicho bar se encuentra en la barriada de San Roque, frente a la antigua parroquia, donde se realizar\u00e1 entrega de todos los alimentos no perecederos que [&hellip;]<!-- AddThis Advanced Settings generic via filter on get_the_excerpt --><!-- AddThis Share Buttons generic via filter on get_the_excerpt --><\/p>\n","protected":false},"author":49,"featured_media":0,"comment_status":"open","ping_status":"closed","sticky":false,"template":"","format":"standard","meta":[],"categories":[13],"tags":[99,488,613,622,624],"_links":{"self":[{"href":"https:\/\/blogs.hoy.es\/moterosdehoy\/wp-json\/wp\/v2\/posts\/1267"}],"collection":[{"href":"https:\/\/blogs.hoy.es\/moterosdehoy\/wp-json\/wp\/v2\/posts"}],"about":[{"href":"https:\/\/blogs.hoy.es\/moterosdehoy\/wp-json\/wp\/v2\/types\/post"}],"author":[{"embeddable":true,"href":"https:\/\/blogs.hoy.es\/moterosdehoy\/wp-json\/wp\/v2\/users\/49"}],"replies":[{"embeddable":true,"href":"https:\/\/blogs.hoy.es\/moterosdehoy\/wp-json\/wp\/v2\/comments?post=1267"}],"version-history":[{"count":0,"href":"https:\/\/blogs.hoy.es\/moterosdehoy\/wp-json\/wp\/v2\/posts\/1267\/revisions"}],"wp:attachment":[{"href":"https:\/\/blogs.hoy.es\/moterosdehoy\/wp-json\/wp\/v2\/media?parent=1267"}],"wp:term":[{"taxonomy":"category","embeddable":true,"href":"https:\/\/blogs.hoy.es\/moterosdehoy\/wp-json\/wp\/v2\/categories?post=1267"},{"taxonomy":"post_tag","embeddable":true,"href":"https:\/\/blogs.hoy.es\/moterosdehoy\/wp-json\/wp\/v2\/tags?post=1267"}],"curies":[{"name":"wp","href":"https:\/\/api.w.org\/{rel}","templated":true}]}}