{"id":127,"date":"2012-06-19T11:25:58","date_gmt":"2012-06-19T11:25:58","guid":{"rendered":"http:\/\/blogs.hoy.es\/moterosdehoy\/?p=127"},"modified":"2012-06-19T11:25:58","modified_gmt":"2012-06-19T11:25:58","slug":"llega-la-reina-de-la-concentraciones-moteras-extremenas","status":"publish","type":"post","link":"https:\/\/blogs.hoy.es\/moterosdehoy\/2012\/06\/19\/llega-la-reina-de-la-concentraciones-moteras-extremenas\/","title":{"rendered":"Llega la Reina de las Concentraciones Moteras Extreme\u00f1as"},"content":{"rendered":"<p style=\"text-align: justify;\">Ya hay fecha para la pr\u00f3xima concentraci\u00f3n <strong>en Jara\u00edz de la Vera<\/strong>, \u00e9sta ser\u00e1 su 24 edici\u00f3n.\u00a0Jara\u00edz de la Vera volver\u00e1 a ser invadida durante todo el fin de semana del\u00a0<strong>27, 28 y 29 de Julio<\/strong>, por centenares de motos y amantes de ellas.<\/p>\n<p style=\"text-align: justify;\">Ser\u00e1 la\u00a0<strong>XXIV\u00aa CONCENTRACION NACIONAL DE MOTOS<\/strong> \u201c<strong>Comarca de la Vera&#8221;<\/strong>, organizada por el &#8220;<a href=\"http:\/\/www.motoclublavera.es\/\" target=\"_blank\" rel=\"external nofollow\">Moto Club LA VERA<\/a>\u00a0La Cabra tira al Monte&#8221;. Hasta ahora es la mejor concentraci\u00f3n motera de toda Extremadura, tanto a nivel de inscripciones como de personas atra\u00edas por el evento.\u00a0<a href=\"\/moterosdehoy\/wp-content\/uploads\/sites\/45\/2012\/06\/Miss-Concentraci\u00f3n-Jara\u00edz-de-la-Vera-2011.jpg\"><img loading=\"lazy\" class=\"alignright size-medium wp-image-130\" title=\"Miss Concentraci\u00f3n Jara\u00edz de la Vera 2011\" src=\"\/moterosdehoy\/wp-content\/uploads\/sites\/45\/2012\/06\/Miss-Concentraci\u00f3n-Jara\u00edz-de-la-Vera-2011.jpg\" alt=\"\" width=\"300\" height=\"225\" srcset=\"https:\/\/static-blogs.hoy.es\/wp-content\/uploads\/sites\/45\/2012\/06\/Miss-Concentraci\u00f3n-Jara\u00edz-de-la-Vera-2011.jpg 640w, https:\/\/static-blogs.hoy.es\/wp-content\/uploads\/sites\/45\/2012\/06\/Miss-Concentraci\u00f3n-Jara\u00edz-de-la-Vera-2011-300x225.jpg 300w\" sizes=\"(max-width: 300px) 100vw, 300px\" \/><\/a><\/p>\n<p style=\"text-align: justify;\"><strong>Para aquellos que a\u00fan no hab\u00e9is asistido en ninguna ocasi\u00f3n o simplemente quer\u00e9is ver como se pas\u00f3 el a\u00f1o pasado<\/strong>, os pongo un enlace de un blog donde pod\u00e9is ver como transcurri\u00f3, para ello haz <strong><a href=\"http:\/\/picaduramalandra.blogspot.com.es\/2011\/08\/concentracion-motera-jaraiz-de-la-vera.html\" target=\"_blank\" rel=\"external nofollow\">click aqu\u00ed<\/a><\/strong>.<\/p>\n<p style=\"text-align: justify;\">La fotograf\u00eda de la derecha es durante la fiesta nocturna en el lugar de la acampada.<\/p>\n<p style=\"text-align: justify;\">De momento no hay cartel definitivo del evento y hay algunas lagunas como qui\u00e9n amenizar\u00e1 la fiesta, pero de seguro que ser\u00e1 de nuevo todo un acierto.<\/p>\n<p style=\"text-align: justify;\"><strong>En breve indicar\u00e9 todo el programa de la concentraci\u00f3n<\/strong>, por el momento indico los d\u00edas para que el personal se vaya haciendo un hueco en sus agendas y en caso de no querer acampar en el recinto que habilitan, vayan buscando alojamiento. Decir de momento que el Hotel Dato Vera, que hace referencia el blog al que enlazo actualmente est\u00e1 cerrado.<\/p>\n<p style=\"text-align: justify;\"><strong>\u00a0 \u00a0Saludos y r\u00e1fagas.<\/strong><\/p>\n<p style=\"text-align: justify;\">\u00a0<\/p>\n<!-- AddThis Advanced Settings generic via filter on the_content --><!-- AddThis Share Buttons generic via filter on the_content -->","protected":false},"excerpt":{"rendered":"<p>Ya hay fecha para la pr\u00f3xima concentraci\u00f3n en Jara\u00edz de la Vera, \u00e9sta ser\u00e1 su 24 edici\u00f3n.\u00a0Jara\u00edz de la Vera volver\u00e1 a ser invadida durante todo el fin de semana del\u00a027, 28 y 29 de Julio, por centenares de motos y amantes de ellas. Ser\u00e1 la\u00a0XXIV\u00aa CONCENTRACION NACIONAL DE MOTOS \u201cComarca de la Vera&#8221;, organizada [&hellip;]<!-- AddThis Advanced Settings generic via filter on get_the_excerpt --><!-- AddThis Share Buttons generic via filter on get_the_excerpt --><\/p>\n","protected":false},"author":49,"featured_media":0,"comment_status":"open","ping_status":"closed","sticky":false,"template":"","format":"standard","meta":[],"categories":[13],"tags":[194,227,524,622,639],"_links":{"self":[{"href":"https:\/\/blogs.hoy.es\/moterosdehoy\/wp-json\/wp\/v2\/posts\/127"}],"collection":[{"href":"https:\/\/blogs.hoy.es\/moterosdehoy\/wp-json\/wp\/v2\/posts"}],"about":[{"href":"https:\/\/blogs.hoy.es\/moterosdehoy\/wp-json\/wp\/v2\/types\/post"}],"author":[{"embeddable":true,"href":"https:\/\/blogs.hoy.es\/moterosdehoy\/wp-json\/wp\/v2\/users\/49"}],"replies":[{"embeddable":true,"href":"https:\/\/blogs.hoy.es\/moterosdehoy\/wp-json\/wp\/v2\/comments?post=127"}],"version-history":[{"count":0,"href":"https:\/\/blogs.hoy.es\/moterosdehoy\/wp-json\/wp\/v2\/posts\/127\/revisions"}],"wp:attachment":[{"href":"https:\/\/blogs.hoy.es\/moterosdehoy\/wp-json\/wp\/v2\/media?parent=127"}],"wp:term":[{"taxonomy":"category","embeddable":true,"href":"https:\/\/blogs.hoy.es\/moterosdehoy\/wp-json\/wp\/v2\/categories?post=127"},{"taxonomy":"post_tag","embeddable":true,"href":"https:\/\/blogs.hoy.es\/moterosdehoy\/wp-json\/wp\/v2\/tags?post=127"}],"curies":[{"name":"wp","href":"https:\/\/api.w.org\/{rel}","templated":true}]}}