{"id":1270,"date":"2014-09-07T10:19:24","date_gmt":"2014-09-07T10:19:24","guid":{"rendered":"http:\/\/blogs.hoy.es\/moterosdehoy\/?p=1270"},"modified":"2014-09-07T10:19:24","modified_gmt":"2014-09-07T10:19:24","slug":"mocai-en-badajoz","status":"publish","type":"post","link":"https:\/\/blogs.hoy.es\/moterosdehoy\/2014\/09\/07\/mocai-en-badajoz\/","title":{"rendered":"MOCAI en Badajoz"},"content":{"rendered":"<p>El pr\u00f3ximo d\u00eda 13 de septiembre el Grupo de Motoristas denominado M.O.C.A.I. &#8220;Motoristas Contra el Abuso Infantil&#8221; estar\u00e1 en Badajoz para dar informaci\u00f3n. Buscan crear una filial.<\/p>\n<p><a href=\"\/moterosdehoy\/wp-content\/uploads\/sites\/45\/2014\/09\/MOCAI.jpg\"><img loading=\"lazy\" class=\"alignleft size-medium wp-image-1271\" title=\"MOCAI\" src=\"\/moterosdehoy\/wp-content\/uploads\/sites\/45\/2014\/09\/MOCAI.jpg\" alt=\"\" width=\"240\" height=\"300\" srcset=\"https:\/\/static-blogs.hoy.es\/wp-content\/uploads\/sites\/45\/2014\/09\/MOCAI.jpg 771w, https:\/\/static-blogs.hoy.es\/wp-content\/uploads\/sites\/45\/2014\/09\/MOCAI-241x300.jpg 241w, https:\/\/static-blogs.hoy.es\/wp-content\/uploads\/sites\/45\/2014\/09\/MOCAI-768x956.jpg 768w\" sizes=\"(max-width: 240px) 100vw, 240px\" \/><\/a>El grupo MOCAI, lleva siete a\u00f1os trabajando y colaborando en\u00a0residencias infantiles de acogida de menores de la Comunidad de Madrid, con medidas de\u00a0protecci\u00f3n. Dentro de MOCAI hay personas, como miembros custodios, que pertenecen a\u00a0organismos oficiales trabajando en varios \u00e1mbitos de protecci\u00f3n del menor. MOCAI ayuda a los\u00a0menores d\u00e1ndoles el apoyo que necesitan a \u00e9l y a sus familias, haciendo que vuelva la\u00a0tranquilidad a sus hogares. Pero no son contratables por nadie y no atienden a demandas\u00a0que se salgan del acompa\u00f1amiento del menor.\u00a0<!--more--><\/p>\n<p>MOCAI se convierte en una barrera f\u00edsica entre el abusado y el abusador, d\u00e1ndole a \u00e9ste la\u00a0espalda y dej\u00e1ndole ver claramente el emblema, con un sencillo mensaje: \u201cno le vas\u00a0a pegar m\u00e1s, ya no le puedes maltratar\u201d.<\/p>\n<p><a title=\"Evento en facebook\" href=\"https:\/\/www.facebook.com\/events\/337850443032560\/?fref=ts\" target=\"_blank\" rel=\"external nofollow\">Dicha charla informativa<\/a> tendr\u00e1 lugar <strong>de 10:00h a 11:00h en el Bar la Marina<\/strong>, aprovechando el 2\u00ba Moto Almuerzo del Bar la Marina y Moto Mec\u00e1nica Pakino, puesto que all\u00ed tendr\u00e1 lugar el segundo moto almuerzo, como fiesta aniversario.<\/p>\n<p><a href=\"\/moterosdehoy\/wp-content\/uploads\/sites\/45\/2014\/09\/Moto-almuerzo-en-la-Marina.jpg\"><img loading=\"lazy\" class=\"alignright size-medium wp-image-1272\" title=\"Moto almuerzo en la Marina\" src=\"\/moterosdehoy\/wp-content\/uploads\/sites\/45\/2014\/09\/Moto-almuerzo-en-la-Marina.jpg\" alt=\"\" width=\"300\" height=\"225\" srcset=\"https:\/\/static-blogs.hoy.es\/wp-content\/uploads\/sites\/45\/2014\/09\/Moto-almuerzo-en-la-Marina.jpg 600w, https:\/\/static-blogs.hoy.es\/wp-content\/uploads\/sites\/45\/2014\/09\/Moto-almuerzo-en-la-Marina-300x225.jpg 300w\" sizes=\"(max-width: 300px) 100vw, 300px\" \/><\/a><\/p>\n<p>El moto-almuerzo dar\u00e1 comienzo a las 10 horas, con la charla informativa, para realizar posteriormente una ruta de unos 125 kil\u00f3metros, con finalizaci\u00f3n de nuevo en el Bar la Marina.<\/p>\n<p>Os dejo un mapa con la ruta propuesta:<\/p>\n<p><a href=\"\/moterosdehoy\/wp-content\/uploads\/sites\/45\/2014\/09\/Moto-almuerzo-en-la-Marina-ruta.jpg\"><img loading=\"lazy\" class=\"alignleft size-medium wp-image-1273\" title=\"Moto almuerzo en la Marina ruta\" src=\"\/moterosdehoy\/wp-content\/uploads\/sites\/45\/2014\/09\/Moto-almuerzo-en-la-Marina-ruta.jpg\" alt=\"\" width=\"251\" height=\"300\" srcset=\"https:\/\/static-blogs.hoy.es\/wp-content\/uploads\/sites\/45\/2014\/09\/Moto-almuerzo-en-la-Marina-ruta.jpg 398w, https:\/\/static-blogs.hoy.es\/wp-content\/uploads\/sites\/45\/2014\/09\/Moto-almuerzo-en-la-Marina-ruta-252x300.jpg 252w\" sizes=\"(max-width: 251px) 100vw, 251px\" \/><\/a><\/p>\n<p>All\u00ed nos veremos para poder enterarnos de su gran labor, y como no, disfrutar de un buen d\u00eda motero.<\/p>\n<p>Saludos y r\u00e1fagas.<\/p>\n<!-- AddThis Advanced Settings generic via filter on the_content --><!-- AddThis Share Buttons generic via filter on the_content -->","protected":false},"excerpt":{"rendered":"<p>El pr\u00f3ximo d\u00eda 13 de septiembre el Grupo de Motoristas denominado M.O.C.A.I. &#8220;Motoristas Contra el Abuso Infantil&#8221; estar\u00e1 en Badajoz para dar informaci\u00f3n. Buscan crear una filial. El grupo MOCAI, lleva siete a\u00f1os trabajando y colaborando en\u00a0residencias infantiles de acogida de menores de la Comunidad de Madrid, con medidas de\u00a0protecci\u00f3n. Dentro de MOCAI hay personas, [&hellip;]<!-- AddThis Advanced Settings generic via filter on get_the_excerpt --><!-- AddThis Share Buttons generic via filter on get_the_excerpt --><\/p>\n","protected":false},"author":49,"featured_media":0,"comment_status":"open","ping_status":"closed","sticky":false,"template":"","format":"standard","meta":[],"categories":[13],"tags":[22,584,599,600,622,624],"_links":{"self":[{"href":"https:\/\/blogs.hoy.es\/moterosdehoy\/wp-json\/wp\/v2\/posts\/1270"}],"collection":[{"href":"https:\/\/blogs.hoy.es\/moterosdehoy\/wp-json\/wp\/v2\/posts"}],"about":[{"href":"https:\/\/blogs.hoy.es\/moterosdehoy\/wp-json\/wp\/v2\/types\/post"}],"author":[{"embeddable":true,"href":"https:\/\/blogs.hoy.es\/moterosdehoy\/wp-json\/wp\/v2\/users\/49"}],"replies":[{"embeddable":true,"href":"https:\/\/blogs.hoy.es\/moterosdehoy\/wp-json\/wp\/v2\/comments?post=1270"}],"version-history":[{"count":0,"href":"https:\/\/blogs.hoy.es\/moterosdehoy\/wp-json\/wp\/v2\/posts\/1270\/revisions"}],"wp:attachment":[{"href":"https:\/\/blogs.hoy.es\/moterosdehoy\/wp-json\/wp\/v2\/media?parent=1270"}],"wp:term":[{"taxonomy":"category","embeddable":true,"href":"https:\/\/blogs.hoy.es\/moterosdehoy\/wp-json\/wp\/v2\/categories?post=1270"},{"taxonomy":"post_tag","embeddable":true,"href":"https:\/\/blogs.hoy.es\/moterosdehoy\/wp-json\/wp\/v2\/tags?post=1270"}],"curies":[{"name":"wp","href":"https:\/\/api.w.org\/{rel}","templated":true}]}}