{"id":1275,"date":"2014-09-12T17:32:31","date_gmt":"2014-09-12T17:32:31","guid":{"rendered":"http:\/\/blogs.hoy.es\/moterosdehoy\/?p=1275"},"modified":"2014-09-12T17:32:31","modified_gmt":"2014-09-12T17:32:31","slug":"ruta-motera-en-memoria-a-maverick","status":"publish","type":"post","link":"https:\/\/blogs.hoy.es\/moterosdehoy\/2014\/09\/12\/ruta-motera-en-memoria-a-maverick\/","title":{"rendered":"Ruta Motera en Memoria a MAVERICK"},"content":{"rendered":"<p>El pr\u00f3ximo d\u00eda 28 de septiembre 2014, el grupo motero &#8220;TURGALIUM&#8221; de la localidad de <a title=\"Trujillo en Wikipedia\" href=\"http:\/\/es.wikipedia.org\/wiki\/Trujillo_(Espa%C3%B1a)\" target=\"_blank\" rel=\"external nofollow\">Trujillo<\/a> (C\u00e1ceres), realizar\u00e1 una ruta motera.<\/p>\n<p><a href=\"\/moterosdehoy\/wp-content\/uploads\/sites\/45\/2014\/09\/28-septiembre-2014.jpg\"><img loading=\"lazy\" class=\"alignleft size-medium wp-image-1276\" title=\"28 septiembre 2014\" src=\"\/moterosdehoy\/wp-content\/uploads\/sites\/45\/2014\/09\/28-septiembre-2014.jpg\" alt=\"\" width=\"300\" height=\"198\" srcset=\"https:\/\/static-blogs.hoy.es\/wp-content\/uploads\/sites\/45\/2014\/09\/28-septiembre-2014.jpg 960w, https:\/\/static-blogs.hoy.es\/wp-content\/uploads\/sites\/45\/2014\/09\/28-septiembre-2014-300x198.jpg 300w, https:\/\/static-blogs.hoy.es\/wp-content\/uploads\/sites\/45\/2014\/09\/28-septiembre-2014-768x507.jpg 768w\" sizes=\"(max-width: 300px) 100vw, 300px\" \/><\/a>Como otros a\u00f1os el \u00faltimo domingo de septiembre organizar\u00e1n una ruta, pero en \u00e9sta ocasi\u00f3n ser\u00e1 en memoria de Maverick, expresidente del grupo motero, que ha fallecido hace poco m\u00e1s de un mes, teniendo por ello un car\u00e1cter muy especial. En el cartel aparece \u00e9l.<\/p>\n<p>La ruta tendr\u00e1 su inicio y fin en Trujillo, donde los interesados se pueden inscribir en<strong> &#8220;El Bocaito&#8221; de 09 a 09:30h<\/strong>.<\/p>\n<p>La <strong>RUTA<\/strong> transcurrir\u00e1 por: Trujillo &#8211; Botija &#8211; Torremocha &#8211; Zarza de Mont\u00e1nchez &#8211; Ibahernando &#8211; Santa Cruz de la Sierra &#8211; Conquista de la Sierra &#8211; Aldeacentenera &#8211; Torrecilla de la Tiesa &#8211; Aldea del Obispo &#8211; Trujillo.<\/p>\n<p>En la localidad de Conquista de la Sierra se realizar\u00e1 una parada con pincho en el Bar &#8220;Elparador&#8221;, para reponer fuerzas, con un precio de <strong>5\u20ac<\/strong>.<\/p>\n<p>Para la comida, que tendr\u00e1 lugar ya de regreso a Trujillo, tienen preparado algo especial, pues las motos estacionar\u00e1n en la Plaza Mayor para realizar una fotograf\u00eda de grupo bajo la estatua de <a title=\"Francisco Pizarro en Wikipedia\" href=\"http:\/\/es.wikipedia.org\/wiki\/Francisco_Pizarro\" target=\"_blank\" rel=\"external nofollow\">Francisco Pizarro<\/a>, conquistador del Per\u00fa, cuya escultura ecuestre es el mayor s\u00edmbolo de la localidad. Teniendo lugar la comida en el Bar &#8220;El Medievo&#8221; sito en la misma Plaza, para que tengas la motito a la vista. Dicha comida tendr\u00e1 un coste de <strong>13\u20ac<\/strong>.<\/p>\n<p>Desde la organizaci\u00f3n indican que la ruta se realizar\u00e1 a velocidades legales o incluso algo por debajo, pues asistir\u00e1n algunas motocicletas de 125 cc.<\/p>\n<p>De seguro que ser\u00e1 un gran d\u00eda entre amigos, con buena ruta y como no, tiempo para disfrutar de la historia de Trujillo.<\/p>\n<p>Saludos y r\u00e1fagas.<\/p>\n<!-- AddThis Advanced Settings generic via filter on the_content --><!-- AddThis Share Buttons generic via filter on the_content -->","protected":false},"excerpt":{"rendered":"<p>El pr\u00f3ximo d\u00eda 28 de septiembre 2014, el grupo motero &#8220;TURGALIUM&#8221; de la localidad de Trujillo (C\u00e1ceres), realizar\u00e1 una ruta motera. Como otros a\u00f1os el \u00faltimo domingo de septiembre organizar\u00e1n una ruta, pero en \u00e9sta ocasi\u00f3n ser\u00e1 en memoria de Maverick, expresidente del grupo motero, que ha fallecido hace poco m\u00e1s de un mes, teniendo [&hellip;]<!-- AddThis Advanced Settings generic via filter on get_the_excerpt --><!-- AddThis Share Buttons generic via filter on get_the_excerpt --><\/p>\n","protected":false},"author":49,"featured_media":0,"comment_status":"open","ping_status":"closed","sticky":false,"template":"","format":"standard","meta":[],"categories":[13],"tags":[442,613,622,624,866],"_links":{"self":[{"href":"https:\/\/blogs.hoy.es\/moterosdehoy\/wp-json\/wp\/v2\/posts\/1275"}],"collection":[{"href":"https:\/\/blogs.hoy.es\/moterosdehoy\/wp-json\/wp\/v2\/posts"}],"about":[{"href":"https:\/\/blogs.hoy.es\/moterosdehoy\/wp-json\/wp\/v2\/types\/post"}],"author":[{"embeddable":true,"href":"https:\/\/blogs.hoy.es\/moterosdehoy\/wp-json\/wp\/v2\/users\/49"}],"replies":[{"embeddable":true,"href":"https:\/\/blogs.hoy.es\/moterosdehoy\/wp-json\/wp\/v2\/comments?post=1275"}],"version-history":[{"count":0,"href":"https:\/\/blogs.hoy.es\/moterosdehoy\/wp-json\/wp\/v2\/posts\/1275\/revisions"}],"wp:attachment":[{"href":"https:\/\/blogs.hoy.es\/moterosdehoy\/wp-json\/wp\/v2\/media?parent=1275"}],"wp:term":[{"taxonomy":"category","embeddable":true,"href":"https:\/\/blogs.hoy.es\/moterosdehoy\/wp-json\/wp\/v2\/categories?post=1275"},{"taxonomy":"post_tag","embeddable":true,"href":"https:\/\/blogs.hoy.es\/moterosdehoy\/wp-json\/wp\/v2\/tags?post=1275"}],"curies":[{"name":"wp","href":"https:\/\/api.w.org\/{rel}","templated":true}]}}