{"id":1278,"date":"2014-09-19T19:38:00","date_gmt":"2014-09-19T19:38:00","guid":{"rendered":"http:\/\/blogs.hoy.es\/moterosdehoy\/?p=1278"},"modified":"2014-09-19T19:38:00","modified_gmt":"2014-09-19T19:38:00","slug":"fin-de-semana-con-muchas-opciones-moteras","status":"publish","type":"post","link":"https:\/\/blogs.hoy.es\/moterosdehoy\/2014\/09\/19\/fin-de-semana-con-muchas-opciones-moteras\/","title":{"rendered":"Fin de semana con muchas opciones moteras"},"content":{"rendered":"<p>Nos encontramos en el pen\u00faltimo fin de semana de septiembre y como en muchas ocasiones se aglutinan las concentraciones y quedadas moteras.<\/p>\n<p><a href=\"\/moterosdehoy\/wp-content\/uploads\/sites\/45\/2014\/09\/Movilizaci\u00f3n-nacional-21-sept.jpg\"><img loading=\"lazy\" class=\"alignleft size-medium wp-image-1279\" title=\"Movilizaci\u00f3n nacional 21 sept\" src=\"\/moterosdehoy\/wp-content\/uploads\/sites\/45\/2014\/09\/Movilizaci\u00f3n-nacional-21-sept.jpg\" alt=\"\" width=\"207\" height=\"300\" srcset=\"https:\/\/static-blogs.hoy.es\/wp-content\/uploads\/sites\/45\/2014\/09\/Movilizaci\u00f3n-nacional-21-sept.jpg 553w, https:\/\/static-blogs.hoy.es\/wp-content\/uploads\/sites\/45\/2014\/09\/Movilizaci\u00f3n-nacional-21-sept-207x300.jpg 207w\" sizes=\"(max-width: 207px) 100vw, 207px\" \/><\/a>\u00c9ste fin de semana del 19 al 21 de septiembre 2014, nos encontramos con varias concentraciones moteras en Extremadura de gran nivel y algunas con opci\u00f3n de fin de semana. Adem\u00e1s y por si no hubiera nada que hacer, nos encontramos con una movilizaci\u00f3n a nivel nacional por la Asociaci\u00f3n Guardarrailes Asesinos.<\/p>\n<p>Entre las concentraciones que tenemos y por decantarme por alguna nos encontramos con la <strong><a title=\"VIII Concentraci\u00f3n Motera Buitres Leonaos\" href=\"https:\/\/blogs.hoy.es\/moterosdehoy\/2014\/08\/12\/viii-concentracion-de-motos-buitres-leonaos\/\" target=\"_blank\">VIII Concentraci\u00f3n Motera Buitres Leonaos, en C\u00e1ceres<\/a><\/strong>. Se trata de una concentraci\u00f3n de calidad, que adem\u00e1s en \u00e9sta ocasi\u00f3n cuenta con una carpa de 600 metros cuadrados para poder estar refugiados de la lluvia, pues lamentablemente han dado agua para todo el fin de semana y el personal que acuda de lejos en muchos casos se lo pensar\u00e1. A pesar de ello, ya hay un grupo de ingleses que lleg\u00f3 el jueves por la tarde para inaugurar la concentraci\u00f3n. Es una pena que el tiempo, un factor tan poco previsible, pueda afectar en gran medida a un evento en el que se pone mucho tiempo y trabajo, para que todo funcione correctamente.<\/p>\n<p>En \u00e9sta edici\u00f3n de los &#8220;Buitres Leonaos&#8221; adem\u00e1s participar\u00e1n con la movilizaci\u00f3n nacional en contra de los Guardarrailes, ser\u00e1 en la ruta del domingo 21.<\/p>\n<p>Por otro lado, en la provincia de Badajoz, nos encontramos con varias concentraciones, entre ellas la bien conocida de moteros y motoristas en la Academia de Tr\u00e1fico de la Guardia Civil de M\u00e9rida. \u00c9ste a\u00f1o bajo el nombre de <a title=\"V Encuentro Moteros - Motoristas\" href=\"http:\/\/www.motoyvida.es\/v-encuentro.html\" target=\"_blank\" rel=\"external nofollow\">V Encuentro Moteros &#8211; Motoristas<\/a>, quiere tener un fin de semana con las puertas abiertas para dar a conocer m\u00e1s de cerca la labor de los Motoristas de Tr\u00e1fico y dar charlas de conducci\u00f3n segura. Ten en cuenta que \u00e9sta concentraci\u00f3n es bajo inscripci\u00f3n y como es dentro de la Academia sino te has inscrito puedes pensar en ir a otra.<a href=\"\/moterosdehoy\/wp-content\/uploads\/sites\/45\/2014\/09\/Guardarrailes-Badajoz-2014.jpg\"><img loading=\"lazy\" class=\"alignright size-medium wp-image-1280\" title=\"Guardarrailes Badajoz 2014\" src=\"\/moterosdehoy\/wp-content\/uploads\/sites\/45\/2014\/09\/Guardarrailes-Badajoz-2014.jpg\" alt=\"\" width=\"206\" height=\"300\" srcset=\"https:\/\/static-blogs.hoy.es\/wp-content\/uploads\/sites\/45\/2014\/09\/Guardarrailes-Badajoz-2014.jpg 662w, https:\/\/static-blogs.hoy.es\/wp-content\/uploads\/sites\/45\/2014\/09\/Guardarrailes-Badajoz-2014-207x300.jpg 207w\" sizes=\"(max-width: 206px) 100vw, 206px\" \/><\/a><\/p>\n<p>Hay otra opci\u00f3n en Cabeza del Buey (Badajoz), se trata de la <a title=\"IV Concentraci\u00f3n Motera Buey a 110\" href=\"https:\/\/www.facebook.com\/Bueya110\" target=\"_blank\" rel=\"external nofollow\">IV Concentraci\u00f3n Motera Buey a 110<\/a>. \u00c9sta concentraci\u00f3n es de dos d\u00edas, comenzando el d\u00eda 20 a las 17:00h con juegos con un &#8220;Toro Mec\u00e1nico&#8221;, actividades para los m\u00e1s peque\u00f1os, procesi\u00f3n con antorchas, cena en local climatizado y concierto de ROCKEST Converband. Ya durante el domingo, desayuno, ruta por la ma\u00f1ana y comida. En el enlace puedes ver toda la informaci\u00f3n y precios.<\/p>\n<p>Al igual que en C\u00e1ceres con la concentraci\u00f3n de los Buitres, en la provincia de Badajoz, en la Contraci\u00f3n de los &#8220;Buey a 110&#8221; participar\u00e1n durante la ruta del domingo 21 con la movilizaci\u00f3n nacional en contra de los Guardarrailes.<\/p>\n<p><a href=\"\/moterosdehoy\/wp-content\/uploads\/sites\/45\/2014\/09\/21-sept.jpg\"><img loading=\"lazy\" class=\"alignleft size-medium wp-image-1281\" title=\"21 sept\" src=\"\/moterosdehoy\/wp-content\/uploads\/sites\/45\/2014\/09\/21-sept.jpg\" alt=\"\" width=\"225\" height=\"300\" srcset=\"https:\/\/static-blogs.hoy.es\/wp-content\/uploads\/sites\/45\/2014\/09\/21-sept.jpg 720w, https:\/\/static-blogs.hoy.es\/wp-content\/uploads\/sites\/45\/2014\/09\/21-sept-225x300.jpg 225w\" sizes=\"(max-width: 225px) 100vw, 225px\" \/><\/a>Pero eso no es todo, si a\u00fan no tienes suficiente, en Oliva de la Frontera (Badajoz) se realizar\u00e1 un encuentro de motos y coches cl\u00e1sicos, que bajo el nombre de <strong>&#8220;I Encuentro de Motos y Coches Cl\u00e1sicos<\/strong>&#8221; quiere dar un domingo motorizado a su localidad. En \u00e9sta \u00faltima opci\u00f3n te puedes inscribir directamente a las 9 horas en la Caseta Municipal, para tener unas migas extreme\u00f1as, desgustaci\u00f3n de jam\u00f3n y chorizo extreme\u00f1o, y un recorrido en el que tambi\u00e9n habr\u00e1 refrescos y tapas.<\/p>\n<p>Ya sabes, no hay escusa, saca el traje de agua y a disfrutar de un gran fin de semana motorizado.<\/p>\n<p>Saludos y r\u00e1fagas.<\/p>\n<!-- AddThis Advanced Settings generic via filter on the_content --><!-- AddThis Share Buttons generic via filter on the_content -->","protected":false},"excerpt":{"rendered":"<p>Nos encontramos en el pen\u00faltimo fin de semana de septiembre y como en muchas ocasiones se aglutinan las concentraciones y quedadas moteras. \u00c9ste fin de semana del 19 al 21 de septiembre 2014, nos encontramos con varias concentraciones moteras en Extremadura de gran nivel y algunas con opci\u00f3n de fin de semana. Adem\u00e1s y por [&hellip;]<!-- AddThis Advanced Settings generic via filter on get_the_excerpt --><!-- AddThis Share Buttons generic via filter on get_the_excerpt --><\/p>\n","protected":false},"author":49,"featured_media":0,"comment_status":"open","ping_status":"closed","sticky":false,"template":"","format":"standard","meta":[],"categories":[5,13],"tags":[69,257,622,629,727],"_links":{"self":[{"href":"https:\/\/blogs.hoy.es\/moterosdehoy\/wp-json\/wp\/v2\/posts\/1278"}],"collection":[{"href":"https:\/\/blogs.hoy.es\/moterosdehoy\/wp-json\/wp\/v2\/posts"}],"about":[{"href":"https:\/\/blogs.hoy.es\/moterosdehoy\/wp-json\/wp\/v2\/types\/post"}],"author":[{"embeddable":true,"href":"https:\/\/blogs.hoy.es\/moterosdehoy\/wp-json\/wp\/v2\/users\/49"}],"replies":[{"embeddable":true,"href":"https:\/\/blogs.hoy.es\/moterosdehoy\/wp-json\/wp\/v2\/comments?post=1278"}],"version-history":[{"count":0,"href":"https:\/\/blogs.hoy.es\/moterosdehoy\/wp-json\/wp\/v2\/posts\/1278\/revisions"}],"wp:attachment":[{"href":"https:\/\/blogs.hoy.es\/moterosdehoy\/wp-json\/wp\/v2\/media?parent=1278"}],"wp:term":[{"taxonomy":"category","embeddable":true,"href":"https:\/\/blogs.hoy.es\/moterosdehoy\/wp-json\/wp\/v2\/categories?post=1278"},{"taxonomy":"post_tag","embeddable":true,"href":"https:\/\/blogs.hoy.es\/moterosdehoy\/wp-json\/wp\/v2\/tags?post=1278"}],"curies":[{"name":"wp","href":"https:\/\/api.w.org\/{rel}","templated":true}]}}