{"id":131,"date":"2012-06-22T22:38:49","date_gmt":"2012-06-22T22:38:49","guid":{"rendered":"http:\/\/blogs.hoy.es\/moterosdehoy\/?p=131"},"modified":"2012-06-22T22:38:49","modified_gmt":"2012-06-22T22:38:49","slug":"ii-concentracion-motera-albero-sevilla","status":"publish","type":"post","link":"https:\/\/blogs.hoy.es\/moterosdehoy\/2012\/06\/22\/ii-concentracion-motera-albero-sevilla\/","title":{"rendered":"II Concentraci\u00f3n motera Albero (Sevilla)"},"content":{"rendered":"<p style=\"text-align: justify;\">Los d\u00edas <strong>22, 23 y 24 de junio 2012<\/strong> se celebrar\u00e1 en la localidad de <strong>Alcal\u00e1 de Guadaira (Sevilla)<\/strong> la II concentraci\u00f3n motera de la mano del <a href=\"http:\/\/motoclubguadaira.milugaronline.com\/portal\/\" target=\"_blank\" rel=\"external nofollow\">moto club Guadaira<\/a>, ya en su primera edici\u00f3n se reunieron cientos de motos, llegando de lugares tan dispares como Galicia o Faro (Portugal).\u00a0<a href=\"\/moterosdehoy\/wp-content\/uploads\/sites\/45\/2012\/06\/2012-06-22-Sevilla.jpg\"><img loading=\"lazy\" class=\"alignright size-medium wp-image-132\" title=\"II Concentraci\u00f3n Motera Albero\" src=\"\/moterosdehoy\/wp-content\/uploads\/sites\/45\/2012\/06\/2012-06-22-Sevilla.jpg\" alt=\"\" width=\"225\" height=\"300\" srcset=\"https:\/\/static-blogs.hoy.es\/wp-content\/uploads\/sites\/45\/2012\/06\/2012-06-22-Sevilla.jpg 600w, https:\/\/static-blogs.hoy.es\/wp-content\/uploads\/sites\/45\/2012\/06\/2012-06-22-Sevilla-225x300.jpg 225w\" sizes=\"(max-width: 225px) 100vw, 225px\" \/><\/a><\/p>\n<p style=\"text-align: justify;\">Ser\u00e1n tres d\u00edas de convivencia motera con actuaciones musicales, concursos y regalos. Ca\u00f1ones de espuma, carreras de carretillas, concurso de lentos, etc. Habr\u00e1 mercadillo, exhibici\u00f3n de motos de \u00faltimos modelos, ruta mototur\u00edstica con bebidas y si te apetece, piscina.<\/p>\n<p style=\"text-align: justify;\">Tambi\u00e9n disponen de zona de acampada con vigilancia las 24 horas y servicio sanitario. La inscripic\u00f3n incluye bolsa de regalo con n\u00fameros para sorteos.<\/p>\n<p style=\"text-align: justify;\">El precio: <strong>15 euros fin de semana y 10 euros solo para el domingo<\/strong>.<\/p>\n<p style=\"text-align: justify;\">La concentraci\u00f3n tendr\u00e1 lugar en el recinto ferial y la acampada en zona cubierta y vigilada (Avd Tren de los Panaderos S\/N. Alcal\u00e1 de Guadaira) con disponibilidad de uso de la piscina para todos los inscritos.<\/p>\n<p style=\"text-align: justify;\">Las actividades, (concursos, mercadillo motero y artesano, exhibiciones, Carpas de Marcas y prueba de motos, conciertos, actuaciones, comidas, barra y tapeo y muchas m\u00e1s \u2026 ), Se realizaran tanto en el recinto ferial, como en la gran caseta municipal.<\/p>\n<p style=\"text-align: justify;\">La organizaci\u00f3n pone a disposici\u00f3n de los inscritos asistencia sanitaria y personal de informaci\u00f3n durante toda la concentraci\u00f3n, adem\u00e1s de:\u00a0<strong>Copa de bienvenida<\/strong>.\u00a0<strong>Bolsa para inscritos<\/strong>.\u00a0Acampada.\u00a0Piscina (sabado y domingo).\u00a0<strong>DJ music dance<\/strong>.\u00a0Discoteca motera.\u00a0Barra y tapeo.\u00a0Actuaciones.\u00a0<strong>Striper (sabado)<\/strong>.\u00a0Concursos, sorteos y premios.\u00a0Copa de ruta (sabado).\u00a0Cena del\u00a0s\u00e1bado, desayauno y almuerzo motero el domingo.\u00a0Barra y tapeo a precios anti crisis.\u00a0<strong>Ca\u00f1on de espuma (sabado)<\/strong>.\u00a0Mercadillo motero.\u00a0Stand de marcas.\u00a0Exibiciones y mucho mas\u2026<\/p>\n<p>Si deseas informaci\u00f3n adicional contacta con el e-mail info@motoblubguadaira.com o puedes llamar al n\u00ba: 955 085 593<\/p>\n<p><strong>\u00a0 \u00a0Saludos y r\u00e1fagas.<\/strong><\/p>\n<!-- AddThis Advanced Settings generic via filter on the_content --><!-- AddThis Share Buttons generic via filter on the_content -->","protected":false},"excerpt":{"rendered":"<p>Los d\u00edas 22, 23 y 24 de junio 2012 se celebrar\u00e1 en la localidad de Alcal\u00e1 de Guadaira (Sevilla) la II concentraci\u00f3n motera de la mano del moto club Guadaira, ya en su primera edici\u00f3n se reunieron cientos de motos, llegando de lugares tan dispares como Galicia o Faro (Portugal).\u00a0 Ser\u00e1n tres d\u00edas de convivencia [&hellip;]<!-- AddThis Advanced Settings generic via filter on get_the_excerpt --><!-- AddThis Share Buttons generic via filter on get_the_excerpt --><\/p>\n","protected":false},"author":49,"featured_media":0,"comment_status":"open","ping_status":"closed","sticky":false,"template":"","format":"standard","meta":[],"categories":[13],"tags":[47,243,258,622,639],"_links":{"self":[{"href":"https:\/\/blogs.hoy.es\/moterosdehoy\/wp-json\/wp\/v2\/posts\/131"}],"collection":[{"href":"https:\/\/blogs.hoy.es\/moterosdehoy\/wp-json\/wp\/v2\/posts"}],"about":[{"href":"https:\/\/blogs.hoy.es\/moterosdehoy\/wp-json\/wp\/v2\/types\/post"}],"author":[{"embeddable":true,"href":"https:\/\/blogs.hoy.es\/moterosdehoy\/wp-json\/wp\/v2\/users\/49"}],"replies":[{"embeddable":true,"href":"https:\/\/blogs.hoy.es\/moterosdehoy\/wp-json\/wp\/v2\/comments?post=131"}],"version-history":[{"count":0,"href":"https:\/\/blogs.hoy.es\/moterosdehoy\/wp-json\/wp\/v2\/posts\/131\/revisions"}],"wp:attachment":[{"href":"https:\/\/blogs.hoy.es\/moterosdehoy\/wp-json\/wp\/v2\/media?parent=131"}],"wp:term":[{"taxonomy":"category","embeddable":true,"href":"https:\/\/blogs.hoy.es\/moterosdehoy\/wp-json\/wp\/v2\/categories?post=131"},{"taxonomy":"post_tag","embeddable":true,"href":"https:\/\/blogs.hoy.es\/moterosdehoy\/wp-json\/wp\/v2\/tags?post=131"}],"curies":[{"name":"wp","href":"https:\/\/api.w.org\/{rel}","templated":true}]}}