{"id":134,"date":"2012-06-22T23:08:45","date_gmt":"2012-06-22T23:08:45","guid":{"rendered":"http:\/\/blogs.hoy.es\/moterosdehoy\/?p=134"},"modified":"2012-06-22T23:08:45","modified_gmt":"2012-06-22T23:08:45","slug":"1%c2%aa-ruta-concurso-de-la-tortilla-madrid","status":"publish","type":"post","link":"https:\/\/blogs.hoy.es\/moterosdehoy\/2012\/06\/22\/1%c2%aa-ruta-concurso-de-la-tortilla-madrid\/","title":{"rendered":"1\u00aa ruta concurso de la tortilla (Madrid)"},"content":{"rendered":"<p style=\"text-align: justify;\">El d\u00eda <strong>24 de junio de 2012<\/strong>, la <a href=\"http:\/\/www.asociacionmuevetepormadridenmoto.com\/\" target=\"_blank\" rel=\"external nofollow\">asociaci\u00f3n\u00a0mu\u00e9vete\u00a0por Madrid en moto<\/a>, organiza su primera ruta-concurso de tortilla en <strong>San Agust\u00edn de Guadalix<\/strong> (Madrid), dicha asociaci\u00f3n quiere\u00a0disfrutar,\u00a0sonre\u00edr, que nos olvidemos de los problemas, aunque sea por unas horas&#8230;&#8230;..\u00bfqui\u00e9n dijo crisis?, quieren compartir con nosotros sus ideas y fiestas, por eso han creado este MEGAEVENTO moto ludico gastron\u00f3mico familiar campero.\u00a0<a href=\"\/moterosdehoy\/wp-content\/uploads\/sites\/45\/2012\/06\/2012-06-24-Madrid.jpg\"><img loading=\"lazy\" class=\"alignright size-medium wp-image-135\" title=\"1\u00aa ruta concurso de tortillas\" src=\"\/moterosdehoy\/wp-content\/uploads\/sites\/45\/2012\/06\/2012-06-24-Madrid.jpg\" alt=\"\" width=\"209\" height=\"300\" srcset=\"https:\/\/static-blogs.hoy.es\/wp-content\/uploads\/sites\/45\/2012\/06\/2012-06-24-Madrid.jpg 595w, https:\/\/static-blogs.hoy.es\/wp-content\/uploads\/sites\/45\/2012\/06\/2012-06-24-Madrid-210x300.jpg 210w\" sizes=\"(max-width: 209px) 100vw, 209px\" \/><\/a><\/p>\n<p style=\"text-align: justify;\"><strong>Por 12\u20ac (solo 5\u20ac si est\u00e1s en la Mutua Madrile\u00f1a)<\/strong>\u00a0por persona, puedes tener acceso a: <strong>barra libre de refrescos y cerveza<\/strong>, <strong>servicio de aparca motos\/coches<\/strong>, aparcamiento vigilado, uso micro bus para desplazamientos por la finca, <strong>piscina<\/strong>, carpa equipada con personal y mobiliario para comer, <strong>clases te\u00f3ricas de conducci\u00f3n para adultos y peques<\/strong>, participar en el concurso de tortilla 2012, ser parte de la 1\u00aa <strong>Gymkana motera<\/strong>, enrredar en las diferentes actividades infantiles, participar en sorteos y rifas, recibir tan solo por asistir la\u00a0<strong>exclusiva mochila del Club Soy Motero.<\/strong><\/p>\n<p style=\"text-align: justify;\">Los amigos de\u00a0<a href=\"http:\/\/www.lemev.com\/\" target=\"_blank\" rel=\"external nofollow\">Luma\/Lem<\/a>\u00a0patrocinan el sorteo de una motocicleta y los de\u00a0<a href=\"http:\/\/www.maisequipacion.es\/b2c\/\" target=\"_blank\" rel=\"external nofollow\">Mais Equipaci\u00f3n<\/a>\u00a0y\u00a0<a href=\"http:\/\/www.e-miline.com\/castella.html\" target=\"_blank\" rel=\"external nofollow\">Miline<\/a>\u00a0colaboran con regalos en las distintas rifas a celebrar durante la jornada.<\/p>\n<p style=\"text-align: justify;\">Como se trata de una jornada campera se recuerda que <strong>no hay comida<\/strong>, as\u00ed que llevar lo que os guste comer o quer\u00e1is compartir.<\/p>\n<p style=\"text-align: justify;\">La actividad esta directamente organizada para los &#8220;peques&#8221; de la casa, dado que quieren iniciar nuestra pasi\u00f3n por las motos a ellos, \u00bfde que manera?; La\u00a0<a href=\"http:\/\/www.mutua.escuelaportalmotos.es\/\" target=\"_blank\" rel=\"external nofollow\">Escuela Portalmotos<\/a>\u00a0conjuntamente con Mutua Madrile\u00f1a impartir\u00e1n clases te\u00f3ricas sobre conducci\u00f3n segura en moto. Habr\u00e1 dos grupos, mayores y peques.<\/p>\n<p style=\"text-align: justify;\"><strong>\u00a0 \u00a0Saludos y r\u00e1fagas.<\/strong><\/p>\n<p style=\"text-align: justify;\"><strong><br \/>\n<\/strong><\/p>\n<!-- AddThis Advanced Settings generic via filter on the_content --><!-- AddThis Share Buttons generic via filter on the_content -->","protected":false},"excerpt":{"rendered":"<p>El d\u00eda 24 de junio de 2012, la asociaci\u00f3n\u00a0mu\u00e9vete\u00a0por Madrid en moto, organiza su primera ruta-concurso de tortilla en San Agust\u00edn de Guadalix (Madrid), dicha asociaci\u00f3n quiere\u00a0disfrutar,\u00a0sonre\u00edr, que nos olvidemos de los problemas, aunque sea por unas horas&#8230;&#8230;..\u00bfqui\u00e9n dijo crisis?, quieren compartir con nosotros sus ideas y fiestas, por eso han creado este MEGAEVENTO moto [&hellip;]<!-- AddThis Advanced Settings generic via filter on get_the_excerpt --><!-- AddThis Share Buttons generic via filter on get_the_excerpt --><\/p>\n","protected":false},"author":49,"featured_media":0,"comment_status":"open","ping_status":"closed","sticky":false,"template":"","format":"standard","meta":[],"categories":[13],"tags":[622,639,855],"_links":{"self":[{"href":"https:\/\/blogs.hoy.es\/moterosdehoy\/wp-json\/wp\/v2\/posts\/134"}],"collection":[{"href":"https:\/\/blogs.hoy.es\/moterosdehoy\/wp-json\/wp\/v2\/posts"}],"about":[{"href":"https:\/\/blogs.hoy.es\/moterosdehoy\/wp-json\/wp\/v2\/types\/post"}],"author":[{"embeddable":true,"href":"https:\/\/blogs.hoy.es\/moterosdehoy\/wp-json\/wp\/v2\/users\/49"}],"replies":[{"embeddable":true,"href":"https:\/\/blogs.hoy.es\/moterosdehoy\/wp-json\/wp\/v2\/comments?post=134"}],"version-history":[{"count":0,"href":"https:\/\/blogs.hoy.es\/moterosdehoy\/wp-json\/wp\/v2\/posts\/134\/revisions"}],"wp:attachment":[{"href":"https:\/\/blogs.hoy.es\/moterosdehoy\/wp-json\/wp\/v2\/media?parent=134"}],"wp:term":[{"taxonomy":"category","embeddable":true,"href":"https:\/\/blogs.hoy.es\/moterosdehoy\/wp-json\/wp\/v2\/categories?post=134"},{"taxonomy":"post_tag","embeddable":true,"href":"https:\/\/blogs.hoy.es\/moterosdehoy\/wp-json\/wp\/v2\/tags?post=134"}],"curies":[{"name":"wp","href":"https:\/\/api.w.org\/{rel}","templated":true}]}}