{"id":1345,"date":"2014-09-26T19:01:38","date_gmt":"2014-09-26T19:01:38","guid":{"rendered":"http:\/\/blogs.hoy.es\/moterosdehoy\/?p=1345"},"modified":"2014-09-26T19:01:38","modified_gmt":"2014-09-26T19:01:38","slug":"iv-reunion-motera-el-piston-bellotero","status":"publish","type":"post","link":"https:\/\/blogs.hoy.es\/moterosdehoy\/2014\/09\/26\/iv-reunion-motera-el-piston-bellotero\/","title":{"rendered":"IV Reuni\u00f3n Motera El Pist\u00f3n Bellotero"},"content":{"rendered":"<p>El domingo d\u00eda 28 de septiembre la pe\u00f1a motera &#8220;El Pist\u00f3n Bellotero&#8221; organiza un encuentro motero en su localidad, Navalvillar de Pela (Badajoz).<\/p>\n<p><a href=\"\/moterosdehoy\/wp-content\/uploads\/sites\/45\/2014\/09\/El-pist\u00f3n-bellotero-2014.jpg\"><img loading=\"lazy\" class=\"alignleft size-medium wp-image-1346\" title=\"El pist\u00f3n bellotero 2014\" src=\"\/moterosdehoy\/wp-content\/uploads\/sites\/45\/2014\/09\/El-pist\u00f3n-bellotero-2014.jpg\" alt=\"\" width=\"213\" height=\"300\" srcset=\"https:\/\/static-blogs.hoy.es\/wp-content\/uploads\/sites\/45\/2014\/09\/El-pist\u00f3n-bellotero-2014.jpg 711w, https:\/\/static-blogs.hoy.es\/wp-content\/uploads\/sites\/45\/2014\/09\/El-pist\u00f3n-bellotero-2014-213x300.jpg 213w\" sizes=\"(max-width: 213px) 100vw, 213px\" \/><\/a>Bajo el nombre de &#8220;IV Reuni\u00f3n Motera El Pist\u00f3n Bellotero&#8221;, han organizado una doble concentraci\u00f3n, por un lado habr\u00e1 una ruta para motos de campo y quads, y por otro, habr\u00e1 una ruta de carretera, que por supuesto en ambas tendr\u00e1n aperitivos.<\/p>\n<p>El punto de encuentro, lugar donde se podr\u00e1n sacar las inscripciones ser\u00e1 en el Sal\u00f3n Socio-Cultural de 9 a 11 horas, tendiendo acceso al desayuno desde las 10h y comenzando un pasacalles a las 11h.<\/p>\n<p>Es de esperar que puedan realizar el pasacalles o bien s\u00f3lo las motos de carretera, o separen las dos rutas desde el principio, donde hay quads hay problemas o al menos mal estar.<\/p>\n<p>Las inscripciones tendr\u00e1n un precio de 10\u20ac, con lo que tambi\u00e9n entrar\u00e1 el almuerzo en restaurante, lo que te permitir\u00e1 acceder a un d\u00eda de buen ambiente motero.<\/p>\n<p>Saludos y r\u00e1fagas.<\/p>\n<p>&nbsp;<\/p>\n<!-- AddThis Advanced Settings generic via filter on the_content --><!-- AddThis Share Buttons generic via filter on the_content -->","protected":false},"excerpt":{"rendered":"<p>El domingo d\u00eda 28 de septiembre la pe\u00f1a motera &#8220;El Pist\u00f3n Bellotero&#8221; organiza un encuentro motero en su localidad, Navalvillar de Pela (Badajoz). Bajo el nombre de &#8220;IV Reuni\u00f3n Motera El Pist\u00f3n Bellotero&#8221;, han organizado una doble concentraci\u00f3n, por un lado habr\u00e1 una ruta para motos de campo y quads, y por otro, habr\u00e1 una [&hellip;]<!-- AddThis Advanced Settings generic via filter on get_the_excerpt --><!-- AddThis Share Buttons generic via filter on get_the_excerpt --><\/p>\n","protected":false},"author":49,"featured_media":0,"comment_status":"open","ping_status":"closed","sticky":false,"template":"","format":"standard","meta":[],"categories":[13],"tags":[516,613,622,624,704],"_links":{"self":[{"href":"https:\/\/blogs.hoy.es\/moterosdehoy\/wp-json\/wp\/v2\/posts\/1345"}],"collection":[{"href":"https:\/\/blogs.hoy.es\/moterosdehoy\/wp-json\/wp\/v2\/posts"}],"about":[{"href":"https:\/\/blogs.hoy.es\/moterosdehoy\/wp-json\/wp\/v2\/types\/post"}],"author":[{"embeddable":true,"href":"https:\/\/blogs.hoy.es\/moterosdehoy\/wp-json\/wp\/v2\/users\/49"}],"replies":[{"embeddable":true,"href":"https:\/\/blogs.hoy.es\/moterosdehoy\/wp-json\/wp\/v2\/comments?post=1345"}],"version-history":[{"count":0,"href":"https:\/\/blogs.hoy.es\/moterosdehoy\/wp-json\/wp\/v2\/posts\/1345\/revisions"}],"wp:attachment":[{"href":"https:\/\/blogs.hoy.es\/moterosdehoy\/wp-json\/wp\/v2\/media?parent=1345"}],"wp:term":[{"taxonomy":"category","embeddable":true,"href":"https:\/\/blogs.hoy.es\/moterosdehoy\/wp-json\/wp\/v2\/categories?post=1345"},{"taxonomy":"post_tag","embeddable":true,"href":"https:\/\/blogs.hoy.es\/moterosdehoy\/wp-json\/wp\/v2\/tags?post=1345"}],"curies":[{"name":"wp","href":"https:\/\/api.w.org\/{rel}","templated":true}]}}