{"id":1349,"date":"2014-10-02T19:04:56","date_gmt":"2014-10-02T19:04:56","guid":{"rendered":"http:\/\/blogs.hoy.es\/moterosdehoy\/?p=1349"},"modified":"2014-10-02T19:04:56","modified_gmt":"2014-10-02T19:04:56","slug":"iv-fiesta-motera-villa-de-la-zarza","status":"publish","type":"post","link":"https:\/\/blogs.hoy.es\/moterosdehoy\/2014\/10\/02\/iv-fiesta-motera-villa-de-la-zarza\/","title":{"rendered":"IV Fiesta Motera Villa de la Zarza"},"content":{"rendered":"<p>El s\u00e1bado d\u00eda 4 de octubre tenemos una concentraci\u00f3n en &#8220;<a title=\"La Zarza en wikipedia\" href=\"http:\/\/es.wikipedia.org\/wiki\/La_Zarza_(Badajoz)\" target=\"_blank\" rel=\"external nofollow\">La Zarza<\/a>&#8221; (Badajoz) algo at\u00edpica, pero solamente at\u00edpica en cuanto a horario.<\/p>\n<p><a href=\"\/moterosdehoy\/wp-content\/uploads\/sites\/45\/2014\/10\/La-Zarza-10_2014.jpg\"><img loading=\"lazy\" class=\"alignleft size-medium wp-image-1350\" title=\"La Zarza 10_2014\" src=\"\/moterosdehoy\/wp-content\/uploads\/sites\/45\/2014\/10\/La-Zarza-10_2014.jpg\" alt=\"\" width=\"211\" height=\"300\" srcset=\"https:\/\/static-blogs.hoy.es\/wp-content\/uploads\/sites\/45\/2014\/10\/La-Zarza-10_2014.jpg 661w, https:\/\/static-blogs.hoy.es\/wp-content\/uploads\/sites\/45\/2014\/10\/La-Zarza-10_2014-211x300.jpg 211w\" sizes=\"(max-width: 211px) 100vw, 211px\" \/><\/a>En lugar de ser una concentraci\u00f3n con ruta y ca\u00f1as para comenzar el d\u00eda, dar\u00e1 comienzo sobre las 17:00h con la quedada en &#8220;Punto y coma&#8221;, para iniciar una ruta bar\u00edtima a las 17:30h.<\/p>\n<ul>\n<li>Continuando con la programaci\u00f3n a las 19:00h habr\u00e1 pasacalles hasta el ferial.<\/li>\n<li>19:30h Fiesta en el ferial.<\/li>\n<li>20:00h Exhibici\u00f3n de Stund.<\/li>\n<li>23:30h Concierto en directo.<\/li>\n<li>01:30h Espect\u00e1culo de Gogos.<\/li>\n<li><\/li>\n<\/ul>\n<p>Como pod\u00e9is ver salvo por el horario de inicio el resto es una concentraci\u00f3n motera en toda regla, que adem\u00e1s tienen previsto dar &#8220;CERVEZA Y MONTADO GRATIS&#8221; a todos los participantes en moto, as\u00ed que no hay escusa, a pasar por all\u00ed.<\/p>\n<p>Saludos y r\u00e1fagas.<\/p>\n<!-- AddThis Advanced Settings generic via filter on the_content --><!-- AddThis Share Buttons generic via filter on the_content -->","protected":false},"excerpt":{"rendered":"<p>El s\u00e1bado d\u00eda 4 de octubre tenemos una concentraci\u00f3n en &#8220;La Zarza&#8221; (Badajoz) algo at\u00edpica, pero solamente at\u00edpica en cuanto a horario. En lugar de ser una concentraci\u00f3n con ruta y ca\u00f1as para comenzar el d\u00eda, dar\u00e1 comienzo sobre las 17:00h con la quedada en &#8220;Punto y coma&#8221;, para iniciar una ruta bar\u00edtima a las [&hellip;]<!-- AddThis Advanced Settings generic via filter on get_the_excerpt --><!-- AddThis Share Buttons generic via filter on get_the_excerpt --><\/p>\n","protected":false},"author":49,"featured_media":0,"comment_status":"open","ping_status":"closed","sticky":false,"template":"","format":"standard","meta":[],"categories":[13],"tags":[512,613,622],"_links":{"self":[{"href":"https:\/\/blogs.hoy.es\/moterosdehoy\/wp-json\/wp\/v2\/posts\/1349"}],"collection":[{"href":"https:\/\/blogs.hoy.es\/moterosdehoy\/wp-json\/wp\/v2\/posts"}],"about":[{"href":"https:\/\/blogs.hoy.es\/moterosdehoy\/wp-json\/wp\/v2\/types\/post"}],"author":[{"embeddable":true,"href":"https:\/\/blogs.hoy.es\/moterosdehoy\/wp-json\/wp\/v2\/users\/49"}],"replies":[{"embeddable":true,"href":"https:\/\/blogs.hoy.es\/moterosdehoy\/wp-json\/wp\/v2\/comments?post=1349"}],"version-history":[{"count":0,"href":"https:\/\/blogs.hoy.es\/moterosdehoy\/wp-json\/wp\/v2\/posts\/1349\/revisions"}],"wp:attachment":[{"href":"https:\/\/blogs.hoy.es\/moterosdehoy\/wp-json\/wp\/v2\/media?parent=1349"}],"wp:term":[{"taxonomy":"category","embeddable":true,"href":"https:\/\/blogs.hoy.es\/moterosdehoy\/wp-json\/wp\/v2\/categories?post=1349"},{"taxonomy":"post_tag","embeddable":true,"href":"https:\/\/blogs.hoy.es\/moterosdehoy\/wp-json\/wp\/v2\/tags?post=1349"}],"curies":[{"name":"wp","href":"https:\/\/api.w.org\/{rel}","templated":true}]}}