{"id":1370,"date":"2014-10-15T16:35:03","date_gmt":"2014-10-15T16:35:03","guid":{"rendered":"http:\/\/blogs.hoy.es\/moterosdehoy\/?p=1370"},"modified":"2014-10-15T16:35:03","modified_gmt":"2014-10-15T16:35:03","slug":"vii-concentracion-motera-castuera","status":"publish","type":"post","link":"https:\/\/blogs.hoy.es\/moterosdehoy\/2014\/10\/15\/vii-concentracion-motera-castuera\/","title":{"rendered":"VII Concentraci\u00f3n Motera Castuera"},"content":{"rendered":"<p>Ya es la s\u00e9ptima edici\u00f3n de la Concentraci\u00f3n Motera en la localidad de <strong><a title=\"Castuera en wikipedia\" href=\"http:\/\/es.wikipedia.org\/wiki\/Castuera\" target=\"_blank\" rel=\"external nofollow\">Castuera<\/a> <\/strong>(Badajoz), y como en ediciones anteriores vendr\u00e1 de la mano de su Motoclub La Serena, teniendo lugar en el recinto ferial en los <strong>d\u00edas 18 y 19 de octubre<\/strong> 2014.<\/p>\n<p><a href=\"\/moterosdehoy\/wp-content\/uploads\/sites\/45\/2014\/10\/La-Serena-2014-10.jpg\"><img loading=\"lazy\" class=\"alignleft size-medium wp-image-1371\" title=\"La Serena 2014-10\" src=\"\/moterosdehoy\/wp-content\/uploads\/sites\/45\/2014\/10\/La-Serena-2014-10.jpg\" alt=\"\" width=\"211\" height=\"300\" srcset=\"https:\/\/static-blogs.hoy.es\/wp-content\/uploads\/sites\/45\/2014\/10\/La-Serena-2014-10.jpg 600w, https:\/\/static-blogs.hoy.es\/wp-content\/uploads\/sites\/45\/2014\/10\/La-Serena-2014-10-212x300.jpg 212w\" sizes=\"(max-width: 211px) 100vw, 211px\" \/><\/a>Hay que destacar que el s\u00e1bado por la tarde sobre las 18:00 horas tendr\u00e1 lugar la presentaci\u00f3n oficial de &#8220;Femotex&#8221; (Federaci\u00f3n de Motoristas de Extremadura), que ya lleva unos siete meses de andadura entre nosotros, pero que a\u00fan parece no terminar de arrancar. Al igual cabe destacar la ruta de antorchas por la localidad en la noche del s\u00e1bado al domingo.<\/p>\n<p>Dentro del programa tienen preparado:<\/p>\n<ul>\n<li>Zona de acampada gratuita.<\/li>\n<li>Duchas con agua caliente.<\/li>\n<li>Ruta de las antorchas.<\/li>\n<li>Gogos \/ pases er\u00f3ticos.<\/li>\n<li>Regalos.<\/li>\n<li>Rutas por pueblos y pantanos.<\/li>\n<li>Actuaciones en directo.<\/li>\n<\/ul>\n<p>Todo ello con un precio de inscripci\u00f3n de <strong>18\u20ac<\/strong> para s\u00e1bado y domingo y de <strong>12\u20ac<\/strong> en caso de s\u00f3lo el domingo.<\/p>\n<p>Saludos y r\u00e1fagas.<\/p>\n<!-- AddThis Advanced Settings generic via filter on the_content --><!-- AddThis Share Buttons generic via filter on the_content -->","protected":false},"excerpt":{"rendered":"<p>Ya es la s\u00e9ptima edici\u00f3n de la Concentraci\u00f3n Motera en la localidad de Castuera (Badajoz), y como en ediciones anteriores vendr\u00e1 de la mano de su Motoclub La Serena, teniendo lugar en el recinto ferial en los d\u00edas 18 y 19 de octubre 2014. Hay que destacar que el s\u00e1bado por la tarde sobre las [&hellip;]<!-- AddThis Advanced Settings generic via filter on get_the_excerpt --><!-- AddThis Share Buttons generic via filter on get_the_excerpt --><\/p>\n","protected":false},"author":49,"featured_media":0,"comment_status":"open","ping_status":"closed","sticky":false,"template":"","format":"standard","meta":[],"categories":[13],"tags":[201,613,622,624,655,1004],"_links":{"self":[{"href":"https:\/\/blogs.hoy.es\/moterosdehoy\/wp-json\/wp\/v2\/posts\/1370"}],"collection":[{"href":"https:\/\/blogs.hoy.es\/moterosdehoy\/wp-json\/wp\/v2\/posts"}],"about":[{"href":"https:\/\/blogs.hoy.es\/moterosdehoy\/wp-json\/wp\/v2\/types\/post"}],"author":[{"embeddable":true,"href":"https:\/\/blogs.hoy.es\/moterosdehoy\/wp-json\/wp\/v2\/users\/49"}],"replies":[{"embeddable":true,"href":"https:\/\/blogs.hoy.es\/moterosdehoy\/wp-json\/wp\/v2\/comments?post=1370"}],"version-history":[{"count":0,"href":"https:\/\/blogs.hoy.es\/moterosdehoy\/wp-json\/wp\/v2\/posts\/1370\/revisions"}],"wp:attachment":[{"href":"https:\/\/blogs.hoy.es\/moterosdehoy\/wp-json\/wp\/v2\/media?parent=1370"}],"wp:term":[{"taxonomy":"category","embeddable":true,"href":"https:\/\/blogs.hoy.es\/moterosdehoy\/wp-json\/wp\/v2\/categories?post=1370"},{"taxonomy":"post_tag","embeddable":true,"href":"https:\/\/blogs.hoy.es\/moterosdehoy\/wp-json\/wp\/v2\/tags?post=1370"}],"curies":[{"name":"wp","href":"https:\/\/api.w.org\/{rel}","templated":true}]}}