{"id":1373,"date":"2014-10-19T15:53:57","date_gmt":"2014-10-19T15:53:57","guid":{"rendered":"http:\/\/blogs.hoy.es\/moterosdehoy\/?p=1373"},"modified":"2014-10-19T15:53:57","modified_gmt":"2014-10-19T15:53:57","slug":"6a-convivencia-motera-los-compadres","status":"publish","type":"post","link":"https:\/\/blogs.hoy.es\/moterosdehoy\/2014\/10\/19\/6a-convivencia-motera-los-compadres\/","title":{"rendered":"6\u00aa Convivencia motera Los Compadres"},"content":{"rendered":"<p>Los d\u00edas 25 y 26 de octubre 2014, tendr\u00e1 lugar en la localidad de <a title=\"Ribera del Fresno en wikipedia\" href=\"http:\/\/es.wikipedia.org\/wiki\/Ribera_del_Fresno\" target=\"_blank\" rel=\"external nofollow\">Ribera del Fresno<\/a> (Badajoz) la sexta convivencia motera de la pe\u00f1a motera Los Compadres.<\/p>\n<p><a href=\"\/moterosdehoy\/wp-content\/uploads\/sites\/45\/2014\/10\/Los-Compadres-10-2014.jpg\"><img loading=\"lazy\" class=\"alignleft size-medium wp-image-1374\" title=\"Los Compadres 10-2014\" src=\"\/moterosdehoy\/wp-content\/uploads\/sites\/45\/2014\/10\/Los-Compadres-10-2014.jpg\" alt=\"\" width=\"212\" height=\"300\" srcset=\"https:\/\/static-blogs.hoy.es\/wp-content\/uploads\/sites\/45\/2014\/10\/Los-Compadres-10-2014.jpg 679w, https:\/\/static-blogs.hoy.es\/wp-content\/uploads\/sites\/45\/2014\/10\/Los-Compadres-10-2014-212x300.jpg 212w\" sizes=\"(max-width: 212px) 100vw, 212px\" \/><\/a><\/p>\n<p>Tienen como hora de inicio de la programaci\u00f3n el s\u00e1bado 25 a las 18:00h. Teniendo a las 21:00h cena para inscritos y sobre las 22:00h conciertos.<\/p>\n<p>Para el domingo tienen preparado todo el t\u00edpico programa de las concentraciones moteras, pudiendo verlo en el cartel. Entre otras cosas, desayuno con migas, ruta por la comarca, juegos moteros, paellada y sorteos.<\/p>\n<p>Hay varias modalidades de <strong>inscripci\u00f3n<\/strong>, s\u00f3lo s\u00e1bado 5\u20ac, s\u00f3lo domingo 7\u20ac y para <strong>ambos d\u00edas 10\u20ac<\/strong>. Adem\u00e1s con la inscripci\u00f3n podr\u00e1s acampar en pabell\u00f3n cerrado, con duchas y parking vigilado, as\u00ed te aseguras poder disfrutar de la fiesta y no tener que preocuparte por conducir la moto.<\/p>\n<p>Saludos y r\u00e1fagas.<\/p>\n<p>&nbsp;<\/p>\n<p>&nbsp;<\/p>\n<!-- AddThis Advanced Settings generic via filter on the_content --><!-- AddThis Share Buttons generic via filter on the_content -->","protected":false},"excerpt":{"rendered":"<p>Los d\u00edas 25 y 26 de octubre 2014, tendr\u00e1 lugar en la localidad de Ribera del Fresno (Badajoz) la sexta convivencia motera de la pe\u00f1a motera Los Compadres. Tienen como hora de inicio de la programaci\u00f3n el s\u00e1bado 25 a las 18:00h. Teniendo a las 21:00h cena para inscritos y sobre las 22:00h conciertos. Para [&hellip;]<!-- AddThis Advanced Settings generic via filter on get_the_excerpt --><!-- AddThis Share Buttons generic via filter on get_the_excerpt --><\/p>\n","protected":false},"author":49,"featured_media":0,"comment_status":"open","ping_status":"closed","sticky":false,"template":"","format":"standard","meta":[],"categories":[13],"tags":[31,221,622,624,766],"_links":{"self":[{"href":"https:\/\/blogs.hoy.es\/moterosdehoy\/wp-json\/wp\/v2\/posts\/1373"}],"collection":[{"href":"https:\/\/blogs.hoy.es\/moterosdehoy\/wp-json\/wp\/v2\/posts"}],"about":[{"href":"https:\/\/blogs.hoy.es\/moterosdehoy\/wp-json\/wp\/v2\/types\/post"}],"author":[{"embeddable":true,"href":"https:\/\/blogs.hoy.es\/moterosdehoy\/wp-json\/wp\/v2\/users\/49"}],"replies":[{"embeddable":true,"href":"https:\/\/blogs.hoy.es\/moterosdehoy\/wp-json\/wp\/v2\/comments?post=1373"}],"version-history":[{"count":0,"href":"https:\/\/blogs.hoy.es\/moterosdehoy\/wp-json\/wp\/v2\/posts\/1373\/revisions"}],"wp:attachment":[{"href":"https:\/\/blogs.hoy.es\/moterosdehoy\/wp-json\/wp\/v2\/media?parent=1373"}],"wp:term":[{"taxonomy":"category","embeddable":true,"href":"https:\/\/blogs.hoy.es\/moterosdehoy\/wp-json\/wp\/v2\/categories?post=1373"},{"taxonomy":"post_tag","embeddable":true,"href":"https:\/\/blogs.hoy.es\/moterosdehoy\/wp-json\/wp\/v2\/tags?post=1373"}],"curies":[{"name":"wp","href":"https:\/\/api.w.org\/{rel}","templated":true}]}}