{"id":1377,"date":"2014-10-19T17:24:06","date_gmt":"2014-10-19T17:24:06","guid":{"rendered":"http:\/\/blogs.hoy.es\/moterosdehoy\/?p=1377"},"modified":"2014-10-19T17:24:06","modified_gmt":"2014-10-19T17:24:06","slug":"iii-encuentro-motero-solidario-ciudad-de-badajoz","status":"publish","type":"post","link":"https:\/\/blogs.hoy.es\/moterosdehoy\/2014\/10\/19\/iii-encuentro-motero-solidario-ciudad-de-badajoz\/","title":{"rendered":"III Encuentro Motero Solidario Ciudad de Badajoz"},"content":{"rendered":"<p>El pr\u00f3ximo <strong>26 de octubre<\/strong> 2014 tendr\u00e1 lugar en Badajoz el &#8220;III Encuentro Motero Solidario Ciudad de Badajoz&#8221;, que como en ediciones anteriores vendr\u00e1 de la mano del Grupo &#8220;<a title=\"Enlace a la p\u00e1gina de Moteros Solidarios Badajoz\" href=\"http:\/\/moterossolidariosbadajoz.info\/\" target=\"_blank\" rel=\"external nofollow\">Moteros Solidarios Badajoz<\/a>&#8221; y tratar\u00e1n una vez m\u00e1s de agrupar a cuanto m\u00e1s gente mejor, para pasar un buen d\u00eda de compa\u00f1erismo y a la vez aprovechar la uni\u00f3n de los moteros con un fin solidario.<\/p>\n<p><a href=\"\/moterosdehoy\/wp-content\/uploads\/sites\/45\/2014\/10\/III-Encuentro-Motero-Solidario-Ciudad-de-Badajoz.jpg\"><img loading=\"lazy\" class=\"alignleft size-medium wp-image-1379\" title=\"III Encuentro Motero Solidario Ciudad de Badajoz\" src=\"\/moterosdehoy\/wp-content\/uploads\/sites\/45\/2014\/10\/III-Encuentro-Motero-Solidario-Ciudad-de-Badajoz.jpg\" alt=\"\" width=\"212\" height=\"300\" srcset=\"https:\/\/static-blogs.hoy.es\/wp-content\/uploads\/sites\/45\/2014\/10\/III-Encuentro-Motero-Solidario-Ciudad-de-Badajoz.jpg 680w, https:\/\/static-blogs.hoy.es\/wp-content\/uploads\/sites\/45\/2014\/10\/III-Encuentro-Motero-Solidario-Ciudad-de-Badajoz-213x300.jpg 213w\" sizes=\"(max-width: 212px) 100vw, 212px\" \/><\/a>En \u00e9sta edici\u00f3n los beneficios que se puedan obtener ir\u00e1n destinados a AOEX, Asociaci\u00f3n Oncol\u00f3gica Extreme\u00f1a. Adem\u00e1s habr\u00e1 puntos de recogida de alimentos, para la Fundaci\u00f3n Banco de Alimentos de Badajoz, y recogida de ropas y juguetes para la Asociaci\u00f3n Grupo Joven de Suerte de Saavedra.<\/p>\n<p>Hay que recordar que el primer encuentro tuvo lugar en la Plaza Alta, donde tuvieron cabida unas cuatrocientas motos y m\u00e1s de seiscientas personas. En la segunda edici\u00f3n tuvo su ubicaci\u00f3n en la antigua explanada del ferial de Badajoz, hoy d\u00eda del mercadillo de los martes, all\u00ed consiguieron congregar a m\u00e1s de setecientas motocicletas y m\u00e1s de mil personas. Ahora en \u00e9sta tercera edici\u00f3n tendr\u00e1 lugar en el Auditorio Municipal del recinto ferial de Badajoz, donde habr\u00e1 m\u00fasica y varios conciertos, entre ellos:<\/p>\n<p>&#8211; DJ Gorka.<\/p>\n<p>&#8211; Gene Garc\u00eda, con alguno de sus grupos.<\/p>\n<p>&#8211; Radiofonic.<\/p>\n<p>&#8211; Sanatorio de mu\u00f1ecos.<\/p>\n<p>Dentro del <strong>PROGRAMA<\/strong> nos tienen preparado:<\/p>\n<ul>\n<li>09:00\u00a0Desayuno en Caf\u00e9 del Moral (C\/ Esteban S\u00e1nchez, n\u00ba 8 &#8211; Ronda Norte &#8211; Badajoz). Con churros gratis para todos los asistentes y caf\u00e9 a 1\u20ac.<\/li>\n<li>10:30\u00a0Salida de ruta por las calles de Badajoz.\u00a0<a href=\"http:\/\/moterossolidariosbadajoz.info\/#ruta\" rel=\"external nofollow\">Ver<\/a><\/li>\n<li>11:15 Llegada a la Plaza de Espa\u00f1a para foto de grupo.<\/li>\n<li>12:00 Salida de ruta por las calles de Badajoz.\u00a0<a href=\"http:\/\/moterossolidariosbadajoz.info\/#ruta\" rel=\"external nofollow\">Ver<\/a><\/li>\n<li>12:30 Llegada al Auditorio del Recinto Ferial (junto a IFEBA) (C\/ Cuesta Albal\u00e1, s\/n &#8211; Badajoz).<\/li>\n<li>12:45 Comienzo del III Encuentro Motero Solidario, con animaciones, m\u00fasica, comida, bebida y sorteos de los art\u00edculos donados por los colaboradores.<\/li>\n<\/ul>\n<p>Para poder participar en el evento tienen una <strong>INSCRIPCI\u00d3N de 5\u20ac<\/strong>, lo que incluye: Donativo para AOEX + Consumici\u00f3n (cerveza o refresco y tapa) + Sorteos, dentro de los cuales se sortear\u00e1 un fin de semana para dos personas con pensi\u00f3n completa en el Gran Hotel Aqualange, incluyendo dos circuitos termales en el Balneario de Alange.<\/p>\n<p>Si no puedes asistir, colabora solidariamente en la cuenta de la Asociaci\u00f3n: CCC 0049-6744-44-2316177134<br \/>\nIndicar \u201cIII Encuentro Motero Solidario\u201d en el concepto. Enviar posteriormente los datos del ingreso al correo: <a href=\"mailto:msolidariosba@gmail.com\">msolidariosba@gmail.com<\/a>\u00a0<strong>Es muy importante tu colaboraci\u00f3n.<\/strong><\/p>\n<p>Saludos y r\u00e1fagas.<\/p>\n<!-- AddThis Advanced Settings generic via filter on the_content --><!-- AddThis Share Buttons generic via filter on the_content -->","protected":false},"excerpt":{"rendered":"<p>El pr\u00f3ximo 26 de octubre 2014 tendr\u00e1 lugar en Badajoz el &#8220;III Encuentro Motero Solidario Ciudad de Badajoz&#8221;, que como en ediciones anteriores vendr\u00e1 de la mano del Grupo &#8220;Moteros Solidarios Badajoz&#8221; y tratar\u00e1n una vez m\u00e1s de agrupar a cuanto m\u00e1s gente mejor, para pasar un buen d\u00eda de compa\u00f1erismo y a la vez [&hellip;]<!-- AddThis Advanced Settings generic via filter on get_the_excerpt --><!-- AddThis Share Buttons generic via filter on get_the_excerpt --><\/p>\n","protected":false},"author":49,"featured_media":0,"comment_status":"open","ping_status":"closed","sticky":false,"template":"","format":"standard","meta":[],"categories":[13],"tags":[70,82,502,622,624],"_links":{"self":[{"href":"https:\/\/blogs.hoy.es\/moterosdehoy\/wp-json\/wp\/v2\/posts\/1377"}],"collection":[{"href":"https:\/\/blogs.hoy.es\/moterosdehoy\/wp-json\/wp\/v2\/posts"}],"about":[{"href":"https:\/\/blogs.hoy.es\/moterosdehoy\/wp-json\/wp\/v2\/types\/post"}],"author":[{"embeddable":true,"href":"https:\/\/blogs.hoy.es\/moterosdehoy\/wp-json\/wp\/v2\/users\/49"}],"replies":[{"embeddable":true,"href":"https:\/\/blogs.hoy.es\/moterosdehoy\/wp-json\/wp\/v2\/comments?post=1377"}],"version-history":[{"count":0,"href":"https:\/\/blogs.hoy.es\/moterosdehoy\/wp-json\/wp\/v2\/posts\/1377\/revisions"}],"wp:attachment":[{"href":"https:\/\/blogs.hoy.es\/moterosdehoy\/wp-json\/wp\/v2\/media?parent=1377"}],"wp:term":[{"taxonomy":"category","embeddable":true,"href":"https:\/\/blogs.hoy.es\/moterosdehoy\/wp-json\/wp\/v2\/categories?post=1377"},{"taxonomy":"post_tag","embeddable":true,"href":"https:\/\/blogs.hoy.es\/moterosdehoy\/wp-json\/wp\/v2\/tags?post=1377"}],"curies":[{"name":"wp","href":"https:\/\/api.w.org\/{rel}","templated":true}]}}