{"id":1441,"date":"2014-12-04T22:23:18","date_gmt":"2014-12-04T22:23:18","guid":{"rendered":"http:\/\/blogs.hoy.es\/moterosdehoy\/?p=1441"},"modified":"2014-12-04T22:23:18","modified_gmt":"2014-12-04T22:23:18","slug":"ii-ruta-del-toro","status":"publish","type":"post","link":"https:\/\/blogs.hoy.es\/moterosdehoy\/2014\/12\/04\/ii-ruta-del-toro\/","title":{"rendered":"II Ruta del Toro"},"content":{"rendered":"<p>El pr\u00f3ximo <strong>DOMINGO 7 DE DICIEMBRE<\/strong>\u00a0tendr\u00e1 lugar la segunda RUTA DEL TORO, como en la edici\u00f3n anterior la idea es rutear por carreteras que limitan con renombradas ganader\u00edas.<\/p>\n<p><a href=\"\/moterosdehoy\/wp-content\/uploads\/sites\/45\/2014\/12\/Toro-Osborne.jpg\"><img loading=\"lazy\" class=\"alignleft size-full wp-image-1442\" title=\"Toro-Osborne\" src=\"\/moterosdehoy\/wp-content\/uploads\/sites\/45\/2014\/12\/Toro-Osborne.jpg\" alt=\"\" width=\"300\" height=\"281\" \/><\/a>La ruta tendr\u00e1 el siguiente recorrido: salida de\u00a0<a title=\"P\u00e1gina del Ayuntamiento de Badajoz\" href=\"http:\/\/www.aytobadajoz.es\/es\/ayto\/portada\" target=\"_blank\" rel=\"external nofollow\">Badajoz<\/a>\u00a0con direcci\u00f3n\u00a0<a title=\"Valverde de Legan\u00e9s en wikipedia\" href=\"http:\/\/es.wikipedia.org\/wiki\/Valverde_de_Legan%C3%A9s\" target=\"_blank\" rel=\"external nofollow\">Valverde de Legan\u00e9s<\/a>, <a title=\"T\u00e1liga en wikipedia\" href=\"http:\/\/es.wikipedia.org\/wiki\/T%C3%A1liga\" target=\"_blank\" rel=\"external nofollow\">T\u00e1liga<\/a>, <a title=\"Olivenza en wikipedia\" href=\"http:\/\/es.wikipedia.org\/wiki\/Olivenza\" target=\"_blank\" rel=\"external nofollow\">Olivenza<\/a>, <a title=\"Villarreal en wikipedia\" href=\"http:\/\/es.wikipedia.org\/wiki\/Villarreal_%28Badajoz%29\" target=\"_blank\" rel=\"external nofollow\">Villarreal <\/a>donde se realizar\u00e1 una parada para asistir a una matanza popular en la localidad, all\u00ed sus 69 habitantes seguro que estar\u00e1n multiplicados por muchos m\u00e1s y habr\u00e1 una gran fiesta, por supuesto siempre estar\u00e1 disponible la barbacoa del Bar Luis.<\/p>\n<p><strong>\u00a0El punto de encuentro ser\u00e1 a las 09:30 horas en el Bar Mi Tierra<\/strong> (Avd. Mar\u00eda Auxiliadora, 8, Badajoz) para iniciar la ruta a las 10:30 horas.<\/p>\n<p>Durante la ruta se realizar\u00e1 alguna que otra parada para fotograf\u00edas, por lo que si puedes lleva la c\u00e1mara y tendr\u00e1s unas panor\u00e1micas impresionantes.<\/p>\n<p>Despu\u00e9s de la parada en Villarreal se partir\u00e1 de nuevo al Bar Mi Tierra de Badajoz, donde nos tendr\u00e1n preparada una garbanzada.<\/p>\n<p>No hay inscripci\u00f3n y cada cual pagar\u00e1 lo que consuma, por supuesto en los lugares donde se parar\u00e1 siempre habr\u00e1n precios econ\u00f3micos.<\/p>\n<p>El recorrido tiene unos 112 km y la idea es estar sobre las 14.00 horas como muy tarde de regreso al Bar Mi Tierra, donde nos estar\u00e1n esperando con buena m\u00fasica.<\/p>\n<p>Para los que no lo conozc\u00e1is, el Bar Mi Tierra, es un local reci\u00e9n reformado y con tem\u00e1tica motera, por lo que espera ser un referente para salidas y regresos de nuestras rutas.<\/p>\n<p>Nos vemos el domingo para desentumecer nuestras ruedas.<\/p>\n<p>Saludos y r\u00e1fagas.<\/p>\n<!-- AddThis Advanced Settings generic via filter on the_content --><!-- AddThis Share Buttons generic via filter on the_content -->","protected":false},"excerpt":{"rendered":"<p>El pr\u00f3ximo DOMINGO 7 DE DICIEMBRE\u00a0tendr\u00e1 lugar la segunda RUTA DEL TORO, como en la edici\u00f3n anterior la idea es rutear por carreteras que limitan con renombradas ganader\u00edas. La ruta tendr\u00e1 el siguiente recorrido: salida de\u00a0Badajoz\u00a0con direcci\u00f3n\u00a0Valverde de Legan\u00e9s, T\u00e1liga, Olivenza, Villarreal donde se realizar\u00e1 una parada para asistir a una matanza popular en la [&hellip;]<!-- AddThis Advanced Settings generic via filter on get_the_excerpt --><!-- AddThis Share Buttons generic via filter on get_the_excerpt --><\/p>\n","protected":false},"author":49,"featured_media":0,"comment_status":"open","ping_status":"closed","sticky":false,"template":"","format":"standard","meta":[],"categories":[13],"tags":[496,589,613,622,624],"_links":{"self":[{"href":"https:\/\/blogs.hoy.es\/moterosdehoy\/wp-json\/wp\/v2\/posts\/1441"}],"collection":[{"href":"https:\/\/blogs.hoy.es\/moterosdehoy\/wp-json\/wp\/v2\/posts"}],"about":[{"href":"https:\/\/blogs.hoy.es\/moterosdehoy\/wp-json\/wp\/v2\/types\/post"}],"author":[{"embeddable":true,"href":"https:\/\/blogs.hoy.es\/moterosdehoy\/wp-json\/wp\/v2\/users\/49"}],"replies":[{"embeddable":true,"href":"https:\/\/blogs.hoy.es\/moterosdehoy\/wp-json\/wp\/v2\/comments?post=1441"}],"version-history":[{"count":0,"href":"https:\/\/blogs.hoy.es\/moterosdehoy\/wp-json\/wp\/v2\/posts\/1441\/revisions"}],"wp:attachment":[{"href":"https:\/\/blogs.hoy.es\/moterosdehoy\/wp-json\/wp\/v2\/media?parent=1441"}],"wp:term":[{"taxonomy":"category","embeddable":true,"href":"https:\/\/blogs.hoy.es\/moterosdehoy\/wp-json\/wp\/v2\/categories?post=1441"},{"taxonomy":"post_tag","embeddable":true,"href":"https:\/\/blogs.hoy.es\/moterosdehoy\/wp-json\/wp\/v2\/tags?post=1441"}],"curies":[{"name":"wp","href":"https:\/\/api.w.org\/{rel}","templated":true}]}}