{"id":1444,"date":"2014-12-08T17:42:35","date_gmt":"2014-12-08T17:42:35","guid":{"rendered":"http:\/\/blogs.hoy.es\/moterosdehoy\/?p=1444"},"modified":"2014-12-08T17:42:35","modified_gmt":"2014-12-08T17:42:35","slug":"fotos-de-la-ii-ruta-del-toro-2","status":"publish","type":"post","link":"https:\/\/blogs.hoy.es\/moterosdehoy\/2014\/12\/08\/fotos-de-la-ii-ruta-del-toro-2\/","title":{"rendered":"Fotos de la II Ruta del Toro"},"content":{"rendered":"<p>El domingo d\u00eda 7 de diciembre tuvo lugar la <a title=\"II Ruta del Toro\" href=\"https:\/\/blogs.hoy.es\/moterosdehoy\/2014\/12\/04\/ii-ruta-del-toro\/\" target=\"_blank\">segunda RUTA DEL TORO<\/a>. Denominada as\u00ed por circular en torno a fincas de reconocidas ganader\u00edas de toros, por lo que desde el asiento de nuestra moto pudimos observar a esos preciosos animales en su h\u00e1bitat, que adem\u00e1s acompa\u00f1ados de un buen d\u00eda de sol y las \u00faltimas lluvias, los arroyos estaban preciosos y el campo de un color verde muy intenso.<\/p>\n<p><a href=\"\/moterosdehoy\/wp-content\/uploads\/sites\/45\/2014\/12\/MoterosdeHoy6.jpg\"><img loading=\"lazy\" class=\"alignleft size-medium wp-image-1457\" title=\"MoterosdeHoy6\" src=\"\/moterosdehoy\/wp-content\/uploads\/sites\/45\/2014\/12\/MoterosdeHoy6.jpg\" alt=\"\" width=\"300\" height=\"200\" srcset=\"https:\/\/static-blogs.hoy.es\/wp-content\/uploads\/sites\/45\/2014\/12\/MoterosdeHoy6.jpg 4272w, https:\/\/static-blogs.hoy.es\/wp-content\/uploads\/sites\/45\/2014\/12\/MoterosdeHoy6-300x200.jpg 300w, https:\/\/static-blogs.hoy.es\/wp-content\/uploads\/sites\/45\/2014\/12\/MoterosdeHoy6-768x512.jpg 768w, https:\/\/static-blogs.hoy.es\/wp-content\/uploads\/sites\/45\/2014\/12\/MoterosdeHoy6-1024x683.jpg 1024w\" sizes=\"(max-width: 300px) 100vw, 300px\" \/><\/a>La idea era parar para realizar algunas fotograf\u00edas de todo lo que he contado, pero evidentemente fue imposible, dado que a la hora de salir nos unimos nada menos que treinta motos.<\/p>\n<p>Hay que decir que en el <a title=\"Ubicaci\u00f3n del Bar Mi Tierra\" href=\"https:\/\/www.google.es\/maps\/dir\/''\/bar+mi+tierra+badajoz\/@38.866144,-7.0169598,13z\/data=!3m1!4b1!4m8!4m7!1m0!1m5!1m1!1s0xd16e421f1080501:0x7a5153b29beeb7dd!2m2!1d-6.982627!2d38.866149\" target=\"_blank\" rel=\"external nofollow\">Bar Mi Tierra<\/a>, lugar donde nos unimos para la salida, nos ten\u00eda preparadas una migas muy buenas.<\/p>\n<p>En la fotograf\u00eda aparecemos todo el grupo, en una parada junto a uno de los carteles existentes en T\u00e1liga, donde se reflejan las distintas ganader\u00edas. De all\u00ed partimos a Villareal, para ver el embarcadero y posteriormente asistir a una matanza en dicha localidad, la cual nos quedamos sin verla, pues comenzaba despu\u00e9s del mediod\u00eda. Pero al regreso a Badajoz, nuevamente a la <a title=\"Ubicaci\u00f3n de cervecer\u00eda Mi Tierra\" href=\"https:\/\/www.google.es\/maps\/dir\/''\/bar+mi+tierra+badajoz\/@38.866144,-7.0169598,13z\/data=!3m1!4b1!4m8!4m7!1m0!1m5!1m1!1s0xd16e421f1080501:0x7a5153b29beeb7dd!2m2!1d-6.982627!2d38.866149\" target=\"_blank\" rel=\"external nofollow\">cervecer\u00eda Mi Tierra<\/a>, nos esperaban con un buenos garbanzos.<\/p>\n<p>Aqu\u00ed os dejo unas fotos:<\/p>\n\n\t\t<style type=\"text\/css\">\n\t\t\t#gallery-1 {\n\t\t\t\tmargin: auto;\n\t\t\t}\n\t\t\t#gallery-1 .gallery-item {\n\t\t\t\tfloat: left;\n\t\t\t\tmargin-top: 10px;\n\t\t\t\ttext-align: center;\n\t\t\t\twidth: 33%;\n\t\t\t}\n\t\t\t#gallery-1 img {\n\t\t\t\tborder: 2px solid #cfcfcf;\n\t\t\t}\n\t\t\t#gallery-1 .gallery-caption {\n\t\t\t\tmargin-left: 0;\n\t\t\t}\n\t\t\t\/* see gallery_shortcode() in wp-includes\/media.php *\/\n\t\t<\/style>\n\t\t<div id='gallery-1' class='gallery galleryid-1444 gallery-columns-3 gallery-size-thumbnail'><dl class='gallery-item'>\n\t\t\t<dt class='gallery-icon landscape'>\n\t\t\t\t<a href=\"https:\/\/static-blogs.hoy.es\/wp-content\/uploads\/sites\/45\/2014\/12\/MoterosdeHoy12.jpg\"><img width=\"150\" height=\"150\" src=\"https:\/\/static-blogs.hoy.es\/wp-content\/uploads\/sites\/45\/2014\/12\/MoterosdeHoy12-150x150.jpg\" class=\"attachment-thumbnail size-thumbnail\" alt=\"\" loading=\"lazy\" \/><\/a>\n\t\t\t<\/dt><\/dl><dl class='gallery-item'>\n\t\t\t<dt class='gallery-icon landscape'>\n\t\t\t\t<a href=\"https:\/\/static-blogs.hoy.es\/wp-content\/uploads\/sites\/45\/2014\/12\/MoterosdeHoy1.jpg\"><img width=\"150\" height=\"150\" src=\"https:\/\/static-blogs.hoy.es\/wp-content\/uploads\/sites\/45\/2014\/12\/MoterosdeHoy1-150x150.jpg\" class=\"attachment-thumbnail size-thumbnail\" alt=\"\" loading=\"lazy\" \/><\/a>\n\t\t\t<\/dt><\/dl><dl class='gallery-item'>\n\t\t\t<dt class='gallery-icon landscape'>\n\t\t\t\t<a href=\"https:\/\/static-blogs.hoy.es\/wp-content\/uploads\/sites\/45\/2014\/12\/MoterosdeHoy2.jpeg\"><img width=\"150\" height=\"150\" src=\"https:\/\/static-blogs.hoy.es\/wp-content\/uploads\/sites\/45\/2014\/12\/MoterosdeHoy2-150x150.jpeg\" class=\"attachment-thumbnail size-thumbnail\" alt=\"\" loading=\"lazy\" \/><\/a>\n\t\t\t<\/dt><\/dl><br style=\"clear: both\" \/><dl class='gallery-item'>\n\t\t\t<dt class='gallery-icon landscape'>\n\t\t\t\t<a href=\"https:\/\/static-blogs.hoy.es\/wp-content\/uploads\/sites\/45\/2014\/12\/MoterosdeHoy3.jpg\"><img width=\"150\" height=\"150\" src=\"https:\/\/static-blogs.hoy.es\/wp-content\/uploads\/sites\/45\/2014\/12\/MoterosdeHoy3-150x150.jpg\" class=\"attachment-thumbnail size-thumbnail\" alt=\"\" loading=\"lazy\" \/><\/a>\n\t\t\t<\/dt><\/dl><dl class='gallery-item'>\n\t\t\t<dt class='gallery-icon landscape'>\n\t\t\t\t<a href=\"https:\/\/static-blogs.hoy.es\/wp-content\/uploads\/sites\/45\/2014\/12\/MoterosdeHoy4.jpeg\"><img width=\"150\" height=\"150\" src=\"https:\/\/static-blogs.hoy.es\/wp-content\/uploads\/sites\/45\/2014\/12\/MoterosdeHoy4-150x150.jpeg\" class=\"attachment-thumbnail size-thumbnail\" alt=\"\" loading=\"lazy\" \/><\/a>\n\t\t\t<\/dt><\/dl><dl class='gallery-item'>\n\t\t\t<dt class='gallery-icon landscape'>\n\t\t\t\t<a href=\"https:\/\/static-blogs.hoy.es\/wp-content\/uploads\/sites\/45\/2014\/12\/MoterosdeHoy7.jpg\"><img width=\"150\" height=\"150\" src=\"https:\/\/static-blogs.hoy.es\/wp-content\/uploads\/sites\/45\/2014\/12\/MoterosdeHoy7-150x150.jpg\" class=\"attachment-thumbnail size-thumbnail\" alt=\"\" loading=\"lazy\" \/><\/a>\n\t\t\t<\/dt><\/dl><br style=\"clear: both\" \/><dl class='gallery-item'>\n\t\t\t<dt class='gallery-icon landscape'>\n\t\t\t\t<a href=\"https:\/\/static-blogs.hoy.es\/wp-content\/uploads\/sites\/45\/2014\/12\/MoterosdeHoy8.jpeg\"><img width=\"150\" height=\"150\" src=\"https:\/\/static-blogs.hoy.es\/wp-content\/uploads\/sites\/45\/2014\/12\/MoterosdeHoy8-150x150.jpeg\" class=\"attachment-thumbnail size-thumbnail\" alt=\"\" loading=\"lazy\" \/><\/a>\n\t\t\t<\/dt><\/dl><dl class='gallery-item'>\n\t\t\t<dt class='gallery-icon portrait'>\n\t\t\t\t<a href=\"https:\/\/static-blogs.hoy.es\/wp-content\/uploads\/sites\/45\/2014\/12\/MoterosdeHoy14.jpg\"><img width=\"150\" height=\"150\" src=\"https:\/\/static-blogs.hoy.es\/wp-content\/uploads\/sites\/45\/2014\/12\/MoterosdeHoy14-150x150.jpg\" class=\"attachment-thumbnail size-thumbnail\" alt=\"\" loading=\"lazy\" \/><\/a>\n\t\t\t<\/dt><\/dl><dl class='gallery-item'>\n\t\t\t<dt class='gallery-icon portrait'>\n\t\t\t\t<a href=\"https:\/\/static-blogs.hoy.es\/wp-content\/uploads\/sites\/45\/2014\/12\/MoterosdeHoy15.jpg\"><img width=\"150\" height=\"150\" src=\"https:\/\/static-blogs.hoy.es\/wp-content\/uploads\/sites\/45\/2014\/12\/MoterosdeHoy15-150x150.jpg\" class=\"attachment-thumbnail size-thumbnail\" alt=\"\" loading=\"lazy\" \/><\/a>\n\t\t\t<\/dt><\/dl><br style=\"clear: both\" \/><dl class='gallery-item'>\n\t\t\t<dt class='gallery-icon landscape'>\n\t\t\t\t<a href=\"https:\/\/static-blogs.hoy.es\/wp-content\/uploads\/sites\/45\/2014\/12\/MoterosdeHoy17.jpg\"><img width=\"150\" height=\"150\" src=\"https:\/\/static-blogs.hoy.es\/wp-content\/uploads\/sites\/45\/2014\/12\/MoterosdeHoy17-150x150.jpg\" class=\"attachment-thumbnail size-thumbnail\" alt=\"\" loading=\"lazy\" \/><\/a>\n\t\t\t<\/dt><\/dl><dl class='gallery-item'>\n\t\t\t<dt class='gallery-icon landscape'>\n\t\t\t\t<a href=\"https:\/\/static-blogs.hoy.es\/wp-content\/uploads\/sites\/45\/2014\/12\/MoterosdeHoy18.jpeg\"><img width=\"150\" height=\"150\" src=\"https:\/\/static-blogs.hoy.es\/wp-content\/uploads\/sites\/45\/2014\/12\/MoterosdeHoy18-150x150.jpeg\" class=\"attachment-thumbnail size-thumbnail\" alt=\"\" loading=\"lazy\" \/><\/a>\n\t\t\t<\/dt><\/dl><dl class='gallery-item'>\n\t\t\t<dt class='gallery-icon landscape'>\n\t\t\t\t<a href=\"https:\/\/static-blogs.hoy.es\/wp-content\/uploads\/sites\/45\/2014\/12\/MoterosdeHoy5.jpg\"><img width=\"150\" height=\"150\" src=\"https:\/\/static-blogs.hoy.es\/wp-content\/uploads\/sites\/45\/2014\/12\/MoterosdeHoy5-150x150.jpg\" class=\"attachment-thumbnail size-thumbnail\" alt=\"\" loading=\"lazy\" \/><\/a>\n\t\t\t<\/dt><\/dl><br style=\"clear: both\" \/><dl class='gallery-item'>\n\t\t\t<dt class='gallery-icon landscape'>\n\t\t\t\t<a href=\"https:\/\/static-blogs.hoy.es\/wp-content\/uploads\/sites\/45\/2014\/12\/MoterosdeHoy6.jpg\"><img width=\"150\" height=\"150\" src=\"https:\/\/static-blogs.hoy.es\/wp-content\/uploads\/sites\/45\/2014\/12\/MoterosdeHoy6-150x150.jpg\" class=\"attachment-thumbnail size-thumbnail\" alt=\"\" loading=\"lazy\" \/><\/a>\n\t\t\t<\/dt><\/dl><dl class='gallery-item'>\n\t\t\t<dt class='gallery-icon landscape'>\n\t\t\t\t<a href=\"https:\/\/static-blogs.hoy.es\/wp-content\/uploads\/sites\/45\/2014\/12\/MoterosdeHoy9.jpg\"><img width=\"150\" height=\"150\" src=\"https:\/\/static-blogs.hoy.es\/wp-content\/uploads\/sites\/45\/2014\/12\/MoterosdeHoy9-150x150.jpg\" class=\"attachment-thumbnail size-thumbnail\" alt=\"\" loading=\"lazy\" \/><\/a>\n\t\t\t<\/dt><\/dl><dl class='gallery-item'>\n\t\t\t<dt class='gallery-icon landscape'>\n\t\t\t\t<a href=\"https:\/\/static-blogs.hoy.es\/wp-content\/uploads\/sites\/45\/2014\/12\/MoterosdeHoy10.jpg\"><img width=\"150\" height=\"150\" src=\"https:\/\/static-blogs.hoy.es\/wp-content\/uploads\/sites\/45\/2014\/12\/MoterosdeHoy10-150x150.jpg\" class=\"attachment-thumbnail size-thumbnail\" alt=\"\" loading=\"lazy\" \/><\/a>\n\t\t\t<\/dt><\/dl><br style=\"clear: both\" \/><dl class='gallery-item'>\n\t\t\t<dt class='gallery-icon landscape'>\n\t\t\t\t<a href=\"https:\/\/static-blogs.hoy.es\/wp-content\/uploads\/sites\/45\/2014\/12\/MoterosdeHoy11.jpg\"><img width=\"150\" height=\"150\" src=\"https:\/\/static-blogs.hoy.es\/wp-content\/uploads\/sites\/45\/2014\/12\/MoterosdeHoy11-150x150.jpg\" class=\"attachment-thumbnail size-thumbnail\" alt=\"\" loading=\"lazy\" \/><\/a>\n\t\t\t<\/dt><\/dl><dl class='gallery-item'>\n\t\t\t<dt class='gallery-icon landscape'>\n\t\t\t\t<a href=\"https:\/\/static-blogs.hoy.es\/wp-content\/uploads\/sites\/45\/2014\/12\/MoterosdeHoy13.jpg\"><img width=\"150\" height=\"150\" src=\"https:\/\/static-blogs.hoy.es\/wp-content\/uploads\/sites\/45\/2014\/12\/MoterosdeHoy13-150x150.jpg\" class=\"attachment-thumbnail size-thumbnail\" alt=\"\" loading=\"lazy\" \/><\/a>\n\t\t\t<\/dt><\/dl><dl class='gallery-item'>\n\t\t\t<dt class='gallery-icon landscape'>\n\t\t\t\t<a href=\"https:\/\/static-blogs.hoy.es\/wp-content\/uploads\/sites\/45\/2014\/12\/MoterosdeHoy16.jpg\"><img width=\"150\" height=\"150\" src=\"https:\/\/static-blogs.hoy.es\/wp-content\/uploads\/sites\/45\/2014\/12\/MoterosdeHoy16-150x150.jpg\" class=\"attachment-thumbnail size-thumbnail\" alt=\"\" loading=\"lazy\" \/><\/a>\n\t\t\t<\/dt><\/dl><br style=\"clear: both\" \/>\n\t\t<\/div>\n\n<p>Gracias a todos los que pudisteis asistir por hacer un gran d\u00eda, y claro est\u00e1 a Soraya y Sergio, por atendernos tambi\u00e9n en &#8220;Mi Tierra&#8221;.<\/p>\n<p>Saludos y r\u00e1fagas<\/p>\n<!-- AddThis Advanced Settings generic via filter on the_content --><!-- AddThis Share Buttons generic via filter on the_content -->","protected":false},"excerpt":{"rendered":"<p>El domingo d\u00eda 7 de diciembre tuvo lugar la segunda RUTA DEL TORO. Denominada as\u00ed por circular en torno a fincas de reconocidas ganader\u00edas de toros, por lo que desde el asiento de nuestra moto pudimos observar a esos preciosos animales en su h\u00e1bitat, que adem\u00e1s acompa\u00f1ados de un buen d\u00eda de sol y las [&hellip;]<!-- AddThis Advanced Settings generic via filter on get_the_excerpt --><!-- AddThis Share Buttons generic via filter on get_the_excerpt --><\/p>\n","protected":false},"author":49,"featured_media":0,"comment_status":"open","ping_status":"closed","sticky":false,"template":"","format":"standard","meta":[],"categories":[7,9,13],"tags":[69,100,159,496,622,624,627],"_links":{"self":[{"href":"https:\/\/blogs.hoy.es\/moterosdehoy\/wp-json\/wp\/v2\/posts\/1444"}],"collection":[{"href":"https:\/\/blogs.hoy.es\/moterosdehoy\/wp-json\/wp\/v2\/posts"}],"about":[{"href":"https:\/\/blogs.hoy.es\/moterosdehoy\/wp-json\/wp\/v2\/types\/post"}],"author":[{"embeddable":true,"href":"https:\/\/blogs.hoy.es\/moterosdehoy\/wp-json\/wp\/v2\/users\/49"}],"replies":[{"embeddable":true,"href":"https:\/\/blogs.hoy.es\/moterosdehoy\/wp-json\/wp\/v2\/comments?post=1444"}],"version-history":[{"count":0,"href":"https:\/\/blogs.hoy.es\/moterosdehoy\/wp-json\/wp\/v2\/posts\/1444\/revisions"}],"wp:attachment":[{"href":"https:\/\/blogs.hoy.es\/moterosdehoy\/wp-json\/wp\/v2\/media?parent=1444"}],"wp:term":[{"taxonomy":"category","embeddable":true,"href":"https:\/\/blogs.hoy.es\/moterosdehoy\/wp-json\/wp\/v2\/categories?post=1444"},{"taxonomy":"post_tag","embeddable":true,"href":"https:\/\/blogs.hoy.es\/moterosdehoy\/wp-json\/wp\/v2\/tags?post=1444"}],"curies":[{"name":"wp","href":"https:\/\/api.w.org\/{rel}","templated":true}]}}