{"id":146,"date":"2012-06-29T14:09:39","date_gmt":"2012-06-29T14:09:39","guid":{"rendered":"http:\/\/blogs.hoy.es\/moterosdehoy\/?p=146"},"modified":"2012-06-29T14:09:39","modified_gmt":"2012-06-29T14:09:39","slug":"banderas-por-cudeca-en-torremolinos","status":"publish","type":"post","link":"https:\/\/blogs.hoy.es\/moterosdehoy\/2012\/06\/29\/banderas-por-cudeca-en-torremolinos\/","title":{"rendered":"Banderas por Cudeca en Torremolinos"},"content":{"rendered":"<p style=\"text-align: justify;\">El <strong>s\u00e1bado 30 de junio de 2012<\/strong> el <a href=\"http:\/\/aguilasdelsur.foroactivo.com\/\" target=\"_blank\" rel=\"external nofollow\">grupo motero malague\u00f1o \u00c1guilas del Sur<\/a>, con la colaboraci\u00f3n del <a href=\"http:\/\/www.pmdt.es\/web\/default.asp\" target=\"_blank\" rel=\"external nofollow\">Ayuntamiento de Torremolinos<\/a> y <a href=\"http:\/\/www.torremolinosinfo.com\/2012\/05\/jammin-bar.html\" target=\"_blank\" rel=\"external nofollow\">Jammin Bar<\/a>, han organizado una reuni\u00f3n motera bajo el nombre de \u201cBanderas por <a href=\"http:\/\/www.cudeca.org\/\" target=\"_blank\" rel=\"external nofollow\">Cudeca<\/a>\u201d dadas las banderas que ondear\u00e1n desde sus motos para ayudar a la Fundaci\u00f3n Cudeca, que cada a\u00f1o asiste gratuitamente a una media de 750 malague\u00f1os con enfermedades en fase avanzada y sin posibilidad de curaci\u00f3n.\u00a0<a href=\"\/moterosdehoy\/wp-content\/uploads\/sites\/45\/2012\/06\/Banderas-por-Cudeca.jpg\"><img loading=\"lazy\" class=\"alignright size-full wp-image-147\" title=\"Banderas por Cudeca\" src=\"\/moterosdehoy\/wp-content\/uploads\/sites\/45\/2012\/06\/Banderas-por-Cudeca.jpg\" alt=\"\" width=\"180\" height=\"254\" \/><\/a><\/p>\n<p style=\"text-align: justify;\"><strong>Habr\u00e1 paella, barra y rifa solidaria<\/strong> con las inscripciones, cuya recaudaci\u00f3n ser\u00e1 destinada \u00edntegramente a cubrir los costes de los programas asistenciales que cada a\u00f1o atienden de manera gratuita a muchos malague\u00f1os.<\/p>\n<p style=\"text-align: justify;\">El d\u00eda solidario <strong>comenzar\u00e1 a las 12:00h<\/strong>, en la caseta de juventud del recinto ferial de Torremolinos, \u00a0para toda persona que se acerque \u2013 con o sin motocicleta \u2013 pueda disfrutar de diferentes actividades, rifa solidaria, m\u00fasica en vivo y paella.<\/p>\n<p style=\"text-align: justify;\">Posteriormente, <strong>sobre las 19:00 tendr\u00e1 lugar el desfile<\/strong> de los grupos moteros asistentes <strong>por las calles del municipio de Torremolinos<\/strong> portando las banderas de sus respectivos grupos.<\/p>\n<p style=\"text-align: justify;\">Tras el desfile de las motos, continuar\u00e1 la fiesta en la caseta de juventud del recinto ferial de Torremolinos y <strong>el acceso es gratuito<\/strong>.<\/p>\n<p style=\"text-align: justify;\"><strong>\u00a0 \u00a0Saludos y r\u00e1fagas.<\/strong><\/p>\n<p>&nbsp;<\/p>\n<!-- AddThis Advanced Settings generic via filter on the_content --><!-- AddThis Share Buttons generic via filter on the_content -->","protected":false},"excerpt":{"rendered":"<p>El s\u00e1bado 30 de junio de 2012 el grupo motero malague\u00f1o \u00c1guilas del Sur, con la colaboraci\u00f3n del Ayuntamiento de Torremolinos y Jammin Bar, han organizado una reuni\u00f3n motera bajo el nombre de \u201cBanderas por Cudeca\u201d dadas las banderas que ondear\u00e1n desde sus motos para ayudar a la Fundaci\u00f3n Cudeca, que cada a\u00f1o asiste gratuitamente [&hellip;]<!-- AddThis Advanced Settings generic via filter on get_the_excerpt --><!-- AddThis Share Buttons generic via filter on get_the_excerpt --><\/p>\n","protected":false},"author":49,"featured_media":0,"comment_status":"open","ping_status":"closed","sticky":false,"template":"","format":"standard","meta":[],"categories":[13],"tags":[96,244,622,639],"_links":{"self":[{"href":"https:\/\/blogs.hoy.es\/moterosdehoy\/wp-json\/wp\/v2\/posts\/146"}],"collection":[{"href":"https:\/\/blogs.hoy.es\/moterosdehoy\/wp-json\/wp\/v2\/posts"}],"about":[{"href":"https:\/\/blogs.hoy.es\/moterosdehoy\/wp-json\/wp\/v2\/types\/post"}],"author":[{"embeddable":true,"href":"https:\/\/blogs.hoy.es\/moterosdehoy\/wp-json\/wp\/v2\/users\/49"}],"replies":[{"embeddable":true,"href":"https:\/\/blogs.hoy.es\/moterosdehoy\/wp-json\/wp\/v2\/comments?post=146"}],"version-history":[{"count":0,"href":"https:\/\/blogs.hoy.es\/moterosdehoy\/wp-json\/wp\/v2\/posts\/146\/revisions"}],"wp:attachment":[{"href":"https:\/\/blogs.hoy.es\/moterosdehoy\/wp-json\/wp\/v2\/media?parent=146"}],"wp:term":[{"taxonomy":"category","embeddable":true,"href":"https:\/\/blogs.hoy.es\/moterosdehoy\/wp-json\/wp\/v2\/categories?post=146"},{"taxonomy":"post_tag","embeddable":true,"href":"https:\/\/blogs.hoy.es\/moterosdehoy\/wp-json\/wp\/v2\/tags?post=146"}],"curies":[{"name":"wp","href":"https:\/\/api.w.org\/{rel}","templated":true}]}}