{"id":1463,"date":"2014-12-10T19:14:50","date_gmt":"2014-12-10T19:14:50","guid":{"rendered":"http:\/\/blogs.hoy.es\/moterosdehoy\/?p=1463"},"modified":"2014-12-10T19:14:50","modified_gmt":"2014-12-10T19:14:50","slug":"el-13-de-diciembre-todos-con-tania","status":"publish","type":"post","link":"https:\/\/blogs.hoy.es\/moterosdehoy\/2014\/12\/10\/el-13-de-diciembre-todos-con-tania\/","title":{"rendered":"El 13 de diciembre TODOS CON TANIA"},"content":{"rendered":"<p>El <a title=\"Motoclub 0'24\" href=\"http:\/\/motoclub024.blogspot.com.es\/\" target=\"_blank\" rel=\"external nofollow\">motoclub 0,24<\/a> de <a title=\"San Pedro de M\u00e9rida\" href=\"http:\/\/www.dip-badajoz.es\/municipios\/municipio_dinamico\/inicio\/index_inicio.php?codigo=132\" target=\"_blank\" rel=\"external nofollow\">San Pedro de M\u00e9rida<\/a> (Badajoz), nos ha preparado para el s\u00e1bado 13 de diciembre una concentraci\u00f3n en toda regla.<\/p>\n<p><a href=\"\/moterosdehoy\/wp-content\/uploads\/sites\/45\/2014\/12\/todoscontania1oK.jpg\"><img loading=\"lazy\" class=\"alignleft size-medium wp-image-1464\" title=\"todoscontania1oK\" src=\"\/moterosdehoy\/wp-content\/uploads\/sites\/45\/2014\/12\/todoscontania1oK.jpg\" alt=\"\" width=\"211\" height=\"300\" srcset=\"https:\/\/static-blogs.hoy.es\/wp-content\/uploads\/sites\/45\/2014\/12\/todoscontania1oK.jpg 595w, https:\/\/static-blogs.hoy.es\/wp-content\/uploads\/sites\/45\/2014\/12\/todoscontania1oK-212x300.jpg 212w\" sizes=\"(max-width: 211px) 100vw, 211px\" \/><\/a>Pero como nos encontramos en fechas navide\u00f1as no puede faltar el fondo solidario y en \u00e9ste caso ir\u00e1 destinado a &#8220;Tania&#8221;.<\/p>\n<p>Tania es una ni\u00f1a de tres a\u00f1os que vive en San Pedro de M\u00e9rida con una enfermedad rara llamada Microcef\u00e1lia e Hipoplasia del cuerpo calloso, necesita un tratamiento caro (40.000\u20ac) y no solo eso, dicho tratamiento se realiza en la <a title=\"Clinica Foltra\" href=\"http:\/\/www.foltra.org\/\" target=\"_blank\" rel=\"external nofollow\">Cl\u00ednica Foltra<\/a> de La Coru\u00f1a.<\/p>\n<p>Para poder ayudarla tanto a ella como a su familia, se ha organizado el presente festival ben\u00e9fico en &#8220;Yeguada Vi\u00f1uela&#8221; de San Pedro de M\u00e9rida, donde participar\u00e1n varios artistas extreme\u00f1os de forma voluntaria y desinteresada.<\/p>\n<p>Se venden entradas anticipadas y en taquilla por valor de <strong>3\u20ac<\/strong>.<\/p>\n<p>En el cartel tienes toda la informaci\u00f3n de los grupos que actuar\u00e1n y como en buena concentraci\u00f3n motera habr\u00e1 una actuaci\u00f3n de STUNT, que ser\u00e1 a cargo del piloto extreme\u00f1o STUNT LUIS USA.<\/p>\n<p>Un buen motivo para sacar la moto del garaje, hay que poner nuestro granito de arena.<\/p>\n<p>Saludos y r\u00e1fagas.<\/p>\n<!-- AddThis Advanced Settings generic via filter on the_content --><!-- AddThis Share Buttons generic via filter on the_content -->","protected":false},"excerpt":{"rendered":"<p>El motoclub 0,24 de San Pedro de M\u00e9rida (Badajoz), nos ha preparado para el s\u00e1bado 13 de diciembre una concentraci\u00f3n en toda regla. Pero como nos encontramos en fechas navide\u00f1as no puede faltar el fondo solidario y en \u00e9ste caso ir\u00e1 destinado a &#8220;Tania&#8221;. Tania es una ni\u00f1a de tres a\u00f1os que vive en San [&hellip;]<!-- AddThis Advanced Settings generic via filter on get_the_excerpt --><!-- AddThis Share Buttons generic via filter on get_the_excerpt --><\/p>\n","protected":false},"author":49,"featured_media":0,"comment_status":"open","ping_status":"closed","sticky":false,"template":"","format":"standard","meta":[],"categories":[13],"tags":[622,624,627,652,887,934],"_links":{"self":[{"href":"https:\/\/blogs.hoy.es\/moterosdehoy\/wp-json\/wp\/v2\/posts\/1463"}],"collection":[{"href":"https:\/\/blogs.hoy.es\/moterosdehoy\/wp-json\/wp\/v2\/posts"}],"about":[{"href":"https:\/\/blogs.hoy.es\/moterosdehoy\/wp-json\/wp\/v2\/types\/post"}],"author":[{"embeddable":true,"href":"https:\/\/blogs.hoy.es\/moterosdehoy\/wp-json\/wp\/v2\/users\/49"}],"replies":[{"embeddable":true,"href":"https:\/\/blogs.hoy.es\/moterosdehoy\/wp-json\/wp\/v2\/comments?post=1463"}],"version-history":[{"count":0,"href":"https:\/\/blogs.hoy.es\/moterosdehoy\/wp-json\/wp\/v2\/posts\/1463\/revisions"}],"wp:attachment":[{"href":"https:\/\/blogs.hoy.es\/moterosdehoy\/wp-json\/wp\/v2\/media?parent=1463"}],"wp:term":[{"taxonomy":"category","embeddable":true,"href":"https:\/\/blogs.hoy.es\/moterosdehoy\/wp-json\/wp\/v2\/categories?post=1463"},{"taxonomy":"post_tag","embeddable":true,"href":"https:\/\/blogs.hoy.es\/moterosdehoy\/wp-json\/wp\/v2\/tags?post=1463"}],"curies":[{"name":"wp","href":"https:\/\/api.w.org\/{rel}","templated":true}]}}