{"id":1466,"date":"2014-12-11T18:17:29","date_gmt":"2014-12-11T18:17:29","guid":{"rendered":"http:\/\/blogs.hoy.es\/moterosdehoy\/?p=1466"},"modified":"2014-12-11T18:17:29","modified_gmt":"2014-12-11T18:17:29","slug":"dia-14-de-diciembre-ruta-solidaria-en-badajoz","status":"publish","type":"post","link":"https:\/\/blogs.hoy.es\/moterosdehoy\/2014\/12\/11\/dia-14-de-diciembre-ruta-solidaria-en-badajoz\/","title":{"rendered":"D\u00eda 14 de diciembre Ruta Solidaria en Badajoz"},"content":{"rendered":"<p>El pr\u00f3ximo <strong>d\u00eda 14 de diciembre<\/strong> un grupo de amigos moteros de Badajoz, ha organizado una <strong>Ruta Solidaria<\/strong> a favor de la ni\u00f1a <strong>Amara<\/strong> Cotrina Sansegundo.<\/p>\n<p><a href=\"\/moterosdehoy\/wp-content\/uploads\/sites\/45\/2014\/12\/2014_12-Ruta-solidaria.jpg\"><img loading=\"lazy\" class=\"alignleft size-medium wp-image-1467\" title=\"2014_12 Ruta solidaria\" src=\"\/moterosdehoy\/wp-content\/uploads\/sites\/45\/2014\/12\/2014_12-Ruta-solidaria.jpg\" alt=\"\" width=\"212\" height=\"300\" srcset=\"https:\/\/static-blogs.hoy.es\/wp-content\/uploads\/sites\/45\/2014\/12\/2014_12-Ruta-solidaria.jpg 509w, https:\/\/static-blogs.hoy.es\/wp-content\/uploads\/sites\/45\/2014\/12\/2014_12-Ruta-solidaria-212x300.jpg 212w\" sizes=\"(max-width: 212px) 100vw, 212px\" \/><\/a>El punto de encuentro ser\u00e1 en &#8220;El B\u00e1 de Fran&#8221; a las 09:30h, donde obsequiar\u00e1n con unas buenas migas.<\/p>\n<p>Sobre las 10:30h iniciar\u00e1 la ruta, teniendo un hermanamiento con el GM Novo Milenio de Portalegre sobre las 11:15h.<\/p>\n<p>Nuevamente en ruta se prev\u00e9 llegar sobre las 12:30h al Restaurante El Oasis de Villar del Rey, donde sobre las 13:30h obsequiaran con arroz de matanza.<\/p>\n<p><strong>No hay ning\u00fan tipo de inscripci\u00f3n<\/strong> y cada cual abonar\u00e1 las consumiciones que realice, pero para poder aportar algo a Amara se dispondr\u00e1 de una urna, donde se podr\u00e1 depositar los donativos que cada cual desee.<\/p>\n<p>Hay que decir que Amara sufre del s\u00edndrome de \u00c1ngelman, una enfermedad que necesita mucha ayuda.<\/p>\n<p>Saludos y r\u00e1fagas.<\/p>\n<!-- AddThis Advanced Settings generic via filter on the_content --><!-- AddThis Share Buttons generic via filter on the_content -->","protected":false},"excerpt":{"rendered":"<p>El pr\u00f3ximo d\u00eda 14 de diciembre un grupo de amigos moteros de Badajoz, ha organizado una Ruta Solidaria a favor de la ni\u00f1a Amara Cotrina Sansegundo. El punto de encuentro ser\u00e1 en &#8220;El B\u00e1 de Fran&#8221; a las 09:30h, donde obsequiar\u00e1n con unas buenas migas. Sobre las 10:30h iniciar\u00e1 la ruta, teniendo un hermanamiento con [&hellip;]<!-- AddThis Advanced Settings generic via filter on get_the_excerpt --><!-- AddThis Share Buttons generic via filter on get_the_excerpt --><\/p>\n","protected":false},"author":49,"featured_media":0,"comment_status":"open","ping_status":"closed","sticky":false,"template":"","format":"standard","meta":[],"categories":[13],"tags":[58,622,624,627,629,836,880],"_links":{"self":[{"href":"https:\/\/blogs.hoy.es\/moterosdehoy\/wp-json\/wp\/v2\/posts\/1466"}],"collection":[{"href":"https:\/\/blogs.hoy.es\/moterosdehoy\/wp-json\/wp\/v2\/posts"}],"about":[{"href":"https:\/\/blogs.hoy.es\/moterosdehoy\/wp-json\/wp\/v2\/types\/post"}],"author":[{"embeddable":true,"href":"https:\/\/blogs.hoy.es\/moterosdehoy\/wp-json\/wp\/v2\/users\/49"}],"replies":[{"embeddable":true,"href":"https:\/\/blogs.hoy.es\/moterosdehoy\/wp-json\/wp\/v2\/comments?post=1466"}],"version-history":[{"count":0,"href":"https:\/\/blogs.hoy.es\/moterosdehoy\/wp-json\/wp\/v2\/posts\/1466\/revisions"}],"wp:attachment":[{"href":"https:\/\/blogs.hoy.es\/moterosdehoy\/wp-json\/wp\/v2\/media?parent=1466"}],"wp:term":[{"taxonomy":"category","embeddable":true,"href":"https:\/\/blogs.hoy.es\/moterosdehoy\/wp-json\/wp\/v2\/categories?post=1466"},{"taxonomy":"post_tag","embeddable":true,"href":"https:\/\/blogs.hoy.es\/moterosdehoy\/wp-json\/wp\/v2\/tags?post=1466"}],"curies":[{"name":"wp","href":"https:\/\/api.w.org\/{rel}","templated":true}]}}