{"id":1474,"date":"2014-12-19T10:15:34","date_gmt":"2014-12-19T10:15:34","guid":{"rendered":"http:\/\/blogs.hoy.es\/moterosdehoy\/?p=1474"},"modified":"2014-12-19T10:15:34","modified_gmt":"2014-12-19T10:15:34","slug":"concentracion-vehiculos-clasicos-en-badajoz","status":"publish","type":"post","link":"https:\/\/blogs.hoy.es\/moterosdehoy\/2014\/12\/19\/concentracion-vehiculos-clasicos-en-badajoz\/","title":{"rendered":"Concentraci\u00f3n veh\u00edculos cl\u00e1sicos en Badajoz"},"content":{"rendered":"<p>El pr\u00f3ximo domingo d\u00eda 21 de diciembre tendr\u00e1 lugar en Badajoz la VII Concentraci\u00f3n de veh\u00edculos cl\u00e1sicos en Badajoz, donde a su vez tendr\u00e1 lugar el III D\u00eda del Guardia Municipal.<\/p>\n<p><a href=\"\/moterosdehoy\/wp-content\/uploads\/sites\/45\/2014\/12\/2014-12-III-d\u00eda-solidario-Guardia-Municipal.jpg\"><img loading=\"lazy\" class=\"alignleft size-medium wp-image-1476\" title=\"2014-12 III d\u00eda solidario Guardia Municipal\" src=\"\/moterosdehoy\/wp-content\/uploads\/sites\/45\/2014\/12\/2014-12-III-d\u00eda-solidario-Guardia-Municipal.jpg\" alt=\"\" width=\"214\" height=\"300\" srcset=\"https:\/\/static-blogs.hoy.es\/wp-content\/uploads\/sites\/45\/2014\/12\/2014-12-III-d\u00eda-solidario-Guardia-Municipal.jpg 685w, https:\/\/static-blogs.hoy.es\/wp-content\/uploads\/sites\/45\/2014\/12\/2014-12-III-d\u00eda-solidario-Guardia-Municipal-214x300.jpg 214w\" sizes=\"(max-width: 214px) 100vw, 214px\" \/><\/a>El punto de encuentro ser\u00e1 en el parking del centro comercial &#8220;el faro&#8221;, donde obsequiar\u00e1n con migas a los inscritos.<\/p>\n<p>Posteriormente se realizar\u00e1 una ruta por ciudad, en la que se realizar\u00e1 una parada en frente de Puerta Palmas, all\u00ed se har\u00e1 entrega a un antiguo Guardia Municipal de alimentos, art\u00edculos de primera necesidad y donativos, que ser\u00e1n entregados a comedores sociales y banco de alimentos de Badajoz.<\/p>\n<p>La finalizaci\u00f3n tendr\u00e1 lugar en la Plaza Alta, con degustaci\u00f3n de un t\u00edpico cocido extreme\u00f1o por gentileza de los restaurantes Casona Alta y Bodega de San Jos\u00e9. Las consumiciones ser\u00e1n abonadas por cada cual.<\/p>\n<p>Os adjunto el Reglamento de Participaci\u00f3n, en \u00e9l pod\u00e9is ver todos los detalles para poder participar:\u00a0<a href=\"\/moterosdehoy\/wp-content\/uploads\/sites\/45\/2014\/12\/2014-12-Municipales-REGLAMENTO-DE-PARTICIPACION.pdf\">2014-12 Municipales REGLAMENTO DE PARTICIPACION<\/a>\u00a0merece la pena pasar por all\u00ed, aunque solo sea por disfrutar de esos veh\u00edculos hist\u00f3ricos y si es posible aportar algo a la solidaridad, aunque no est\u00e9s inscrito.<\/p>\n<p>Saludos y r\u00e1fagas.<\/p>\n<!-- AddThis Advanced Settings generic via filter on the_content --><!-- AddThis Share Buttons generic via filter on the_content -->","protected":false},"excerpt":{"rendered":"<p>El pr\u00f3ximo domingo d\u00eda 21 de diciembre tendr\u00e1 lugar en Badajoz la VII Concentraci\u00f3n de veh\u00edculos cl\u00e1sicos en Badajoz, donde a su vez tendr\u00e1 lugar el III D\u00eda del Guardia Municipal. El punto de encuentro ser\u00e1 en el parking del centro comercial &#8220;el faro&#8221;, donde obsequiar\u00e1n con migas a los inscritos. Posteriormente se realizar\u00e1 una [&hellip;]<!-- AddThis Advanced Settings generic via filter on get_the_excerpt --><!-- AddThis Share Buttons generic via filter on get_the_excerpt --><\/p>\n","protected":false},"author":49,"featured_media":0,"comment_status":"open","ping_status":"closed","sticky":false,"template":"","format":"standard","meta":[],"categories":[13],"tags":[335,622,1006],"_links":{"self":[{"href":"https:\/\/blogs.hoy.es\/moterosdehoy\/wp-json\/wp\/v2\/posts\/1474"}],"collection":[{"href":"https:\/\/blogs.hoy.es\/moterosdehoy\/wp-json\/wp\/v2\/posts"}],"about":[{"href":"https:\/\/blogs.hoy.es\/moterosdehoy\/wp-json\/wp\/v2\/types\/post"}],"author":[{"embeddable":true,"href":"https:\/\/blogs.hoy.es\/moterosdehoy\/wp-json\/wp\/v2\/users\/49"}],"replies":[{"embeddable":true,"href":"https:\/\/blogs.hoy.es\/moterosdehoy\/wp-json\/wp\/v2\/comments?post=1474"}],"version-history":[{"count":0,"href":"https:\/\/blogs.hoy.es\/moterosdehoy\/wp-json\/wp\/v2\/posts\/1474\/revisions"}],"wp:attachment":[{"href":"https:\/\/blogs.hoy.es\/moterosdehoy\/wp-json\/wp\/v2\/media?parent=1474"}],"wp:term":[{"taxonomy":"category","embeddable":true,"href":"https:\/\/blogs.hoy.es\/moterosdehoy\/wp-json\/wp\/v2\/categories?post=1474"},{"taxonomy":"post_tag","embeddable":true,"href":"https:\/\/blogs.hoy.es\/moterosdehoy\/wp-json\/wp\/v2\/tags?post=1474"}],"curies":[{"name":"wp","href":"https:\/\/api.w.org\/{rel}","templated":true}]}}