{"id":1478,"date":"2014-12-20T18:59:19","date_gmt":"2014-12-20T18:59:19","guid":{"rendered":"http:\/\/blogs.hoy.es\/moterosdehoy\/?p=1478"},"modified":"2014-12-20T18:59:19","modified_gmt":"2014-12-20T18:59:19","slug":"ii-encuentro-motero-solidario-en-villafranca-de-los-barros","status":"publish","type":"post","link":"https:\/\/blogs.hoy.es\/moterosdehoy\/2014\/12\/20\/ii-encuentro-motero-solidario-en-villafranca-de-los-barros\/","title":{"rendered":"II Encuentro motero solidario en Villafranca de los Barros"},"content":{"rendered":"<p>En Villafranca de los Barros \u00e9ste fin de semana tendremos un buen evento motero solidario. Tras el \u00e9xito del a\u00f1o pasado vuelven con fuerza para poder colaborar con alg\u00fan grupo necesitado, en \u00e9sta edici\u00f3n ser\u00e1 a favor del Hospital de Parapl\u00e9jicos de Toledo.<\/p>\n<p><a href=\"\/moterosdehoy\/wp-content\/uploads\/sites\/45\/2014\/12\/Ducati-Extremadura.jpg\"><img loading=\"lazy\" class=\"alignleft size-medium wp-image-1479\" title=\"Ducati Extremadura\" src=\"\/moterosdehoy\/wp-content\/uploads\/sites\/45\/2014\/12\/Ducati-Extremadura.jpg\" alt=\"\" width=\"214\" height=\"300\" srcset=\"https:\/\/static-blogs.hoy.es\/wp-content\/uploads\/sites\/45\/2014\/12\/Ducati-Extremadura.jpg 547w, https:\/\/static-blogs.hoy.es\/wp-content\/uploads\/sites\/45\/2014\/12\/Ducati-Extremadura-215x300.jpg 215w\" sizes=\"(max-width: 214px) 100vw, 214px\" \/><\/a>Conjuntamente con el evento se realizar\u00e1 la 5\u00aa comida de navidad del <a title=\"Web de Ducati Club Extremadura\" href=\"http:\/\/www.ducaticlubextremadura.es\/\" target=\"_blank\" rel=\"external nofollow\">DOC Ducati Club Extremadura<\/a>, organizadores del evento.<\/p>\n<p>Como ya hicieron el a\u00f1o pasado, pusieron su granito de arena para ayudar a los m\u00e1s necesitados colaborando con el Banco de Alimentos de Badajoz en la llamada \u201cOperaci\u00f3n Kilo\u201d, recaudando un total de 2.500 kilos de alimentos. De esta manera, el evento de este a\u00f1o 2014 tambi\u00e9n ser\u00e1 solidario, esta vez a favor del <a title=\"Web de Hospital de parapl\u00e9jicos de Toledo\" href=\"http:\/\/www.infomedula.org\/index.php\" target=\"_blank\" rel=\"external nofollow\">Hospital de Parapl\u00e9jicos de Toledo<\/a>, centro que se encuentra a la vanguardia en la rehabilitaci\u00f3n de la lesi\u00f3n medular espinal en Espa\u00f1a que por desgracia afecta a un n\u00famero bastante elevado de motoristas.<\/p>\n<p>El evento se llevar\u00e1 a cabo gracias a la aportaci\u00f3n de los socios DOC D.C.E. y &#8220;con la aportaci\u00f3n simb\u00f3lica de 1\u20ac por asistente.&#8221;<\/p>\n<p>Por su parte, el DOC D.C.E. dispondr\u00e1 de unas papeletas para realizar unos sorteos sorpresa durante la actuaci\u00f3n de Stunt y con ayuda de sus socios y colaboradores intentaran recaudar lo m\u00e1ximo posible.<\/p>\n<p>El PROGRAMA tendr\u00e1 el siguiente desarrollo (se sujetar\u00e1 a posibles cambios):<\/p>\n<p>10:00 &#8211; 11;00h: Desayuno. (Caf\u00e9, chocolate, churros y migas extreme\u00f1as)<br \/>\n11:00 &#8211; 12:30h: Conferencia a cargo de Juan Carlos Toribio y Juan Manuel Reyes, presidente de la AMM. &#8220;El estado de carreteras asociado al accidente de motociclistas&#8221;&#8230;<br \/>\n12:30h-13:00h: Descanso.<br \/>\n13:00h-14:00h: Exhibici\u00f3n de nuestro amigo y Stuntman <a title=\"Emilio Zamora\" href=\"http:\/\/www.emiliozamora.com\/\" target=\"_blank\" rel=\"external nofollow\">Emilio Zamora<\/a><br \/>\n14:30: Comida anual del Club, toda aquella persona que as\u00ed lo desee puede quedarse a comer (20\u20ac socios y 25\u20ac no socios, previa reserva). Del mismo modo habr\u00e1 un men\u00fa econ\u00f3mico para los asistentes que se quieran quedar a comer en torno a 10\u20ac (preguntar a la organizaci\u00f3n).<\/p>\n<p>Saludos y r\u00e1fagas<\/p>\n<!-- AddThis Advanced Settings generic via filter on the_content --><!-- AddThis Share Buttons generic via filter on the_content -->","protected":false},"excerpt":{"rendered":"<p>En Villafranca de los Barros \u00e9ste fin de semana tendremos un buen evento motero solidario. Tras el \u00e9xito del a\u00f1o pasado vuelven con fuerza para poder colaborar con alg\u00fan grupo necesitado, en \u00e9sta edici\u00f3n ser\u00e1 a favor del Hospital de Parapl\u00e9jicos de Toledo. Conjuntamente con el evento se realizar\u00e1 la 5\u00aa comida de navidad del [&hellip;]<!-- AddThis Advanced Settings generic via filter on get_the_excerpt --><!-- AddThis Share Buttons generic via filter on get_the_excerpt --><\/p>\n","protected":false},"author":49,"featured_media":0,"comment_status":"open","ping_status":"closed","sticky":false,"template":"","format":"standard","meta":[],"categories":[13],"tags":[352,486,622,624],"_links":{"self":[{"href":"https:\/\/blogs.hoy.es\/moterosdehoy\/wp-json\/wp\/v2\/posts\/1478"}],"collection":[{"href":"https:\/\/blogs.hoy.es\/moterosdehoy\/wp-json\/wp\/v2\/posts"}],"about":[{"href":"https:\/\/blogs.hoy.es\/moterosdehoy\/wp-json\/wp\/v2\/types\/post"}],"author":[{"embeddable":true,"href":"https:\/\/blogs.hoy.es\/moterosdehoy\/wp-json\/wp\/v2\/users\/49"}],"replies":[{"embeddable":true,"href":"https:\/\/blogs.hoy.es\/moterosdehoy\/wp-json\/wp\/v2\/comments?post=1478"}],"version-history":[{"count":0,"href":"https:\/\/blogs.hoy.es\/moterosdehoy\/wp-json\/wp\/v2\/posts\/1478\/revisions"}],"wp:attachment":[{"href":"https:\/\/blogs.hoy.es\/moterosdehoy\/wp-json\/wp\/v2\/media?parent=1478"}],"wp:term":[{"taxonomy":"category","embeddable":true,"href":"https:\/\/blogs.hoy.es\/moterosdehoy\/wp-json\/wp\/v2\/categories?post=1478"},{"taxonomy":"post_tag","embeddable":true,"href":"https:\/\/blogs.hoy.es\/moterosdehoy\/wp-json\/wp\/v2\/tags?post=1478"}],"curies":[{"name":"wp","href":"https:\/\/api.w.org\/{rel}","templated":true}]}}