{"id":1481,"date":"2014-12-25T11:52:59","date_gmt":"2014-12-25T11:52:59","guid":{"rendered":"http:\/\/blogs.hoy.es\/moterosdehoy\/?p=1481"},"modified":"2014-12-25T11:52:59","modified_gmt":"2014-12-25T11:52:59","slug":"moteros-de-hoy-os-desea-felices-fiestas","status":"publish","type":"post","link":"https:\/\/blogs.hoy.es\/moterosdehoy\/2014\/12\/25\/moteros-de-hoy-os-desea-felices-fiestas\/","title":{"rendered":"Moteros de Hoy os desea Felices Fiestas"},"content":{"rendered":"<p>Nos encontramos en plena Navidad, hoy es 25 de diciembre y no quer\u00eda dejar pasar el d\u00eda sin daros las gracias a todos los que segu\u00eds mis art\u00edculos, por lo que antes de enrollarme <strong>FELICES FIESTAS<\/strong> y por supuesto <strong>PR\u00d3SPERO A\u00d1O NUEVO<\/strong>.<\/p>\n<p><a href=\"\/moterosdehoy\/wp-content\/uploads\/sites\/45\/2014\/12\/Moteros-de-Hoy-Feliz-Navidad.jpg\"><img loading=\"lazy\" class=\"alignleft size-medium wp-image-1482\" title=\"Moteros de Hoy Feliz Navidad\" src=\"\/moterosdehoy\/wp-content\/uploads\/sites\/45\/2014\/12\/Moteros-de-Hoy-Feliz-Navidad.jpg\" alt=\"\" width=\"200\" height=\"300\" srcset=\"https:\/\/static-blogs.hoy.es\/wp-content\/uploads\/sites\/45\/2014\/12\/Moteros-de-Hoy-Feliz-Navidad.jpg 442w, https:\/\/static-blogs.hoy.es\/wp-content\/uploads\/sites\/45\/2014\/12\/Moteros-de-Hoy-Feliz-Navidad-200x300.jpg 200w\" sizes=\"(max-width: 200px) 100vw, 200px\" \/><\/a>\u00daltimamente tan solo suelo escribir para reflejar concentraciones, que suelen ser de nuestra regi\u00f3n, espero poder tener m\u00e1s tiempo \u00e9ste a\u00f1o que entra y poder traeros novedades del mercado motocicl\u00edstico. Comentar modelos que tenga la oportunidad de probar. Comentaros que tal sucedieron los eventos, por si no pudiste ir y te puede merecer la pena para otro a\u00f1o, o por todo lo contrario, indicarte que no merece la pena. Por supuesto seguir\u00e9 con v\u00eddeos, que se que os gustan.<\/p>\n<p>Muchos me coment\u00e1is que ya no escribo nada, no es as\u00ed, el problema es que no lo encontr\u00e1is, anteriormente siempre pon\u00edan un enlace en la p\u00e1gina del HOY Digital, lugar donde se encuentra ubicado \u00e9ste blog, pero al no estar anunciado hay que entrar directamente en &#8220;Moteros de Hoy&#8221; a trav\u00e9s de cualquier buscador.<\/p>\n<p>Muchos sab\u00e9is que a la vez tengo una p\u00e1gina web con el mismo nombre &#8220;<a title=\"Web de Moteros de Hoy\" href=\"http:\/\/www.moterosdehoy.es\/\" target=\"_blank\" rel=\"external nofollow\">www.moterosdehoy.es<\/a>&#8221; es por no dejar cosas en el tintero y poder escribir las cosas como son sin implicar la responsabilidad de otras personas y tener una web a mi gusto.<\/p>\n<p>Espero que me sig\u00e1is animando a seguir escribiendo, es una gran satisfacci\u00f3n para m\u00ed. No dud\u00e9is en mandarme informaci\u00f3n que quer\u00e1is participar a los dem\u00e1s, para ello ten\u00e9is los correos electr\u00f3nicos info@moterosdehoy.es o moterosdehoy@gmail.com as\u00ed como el <strong><a title=\"Facebook de Moteros de Hoy\" href=\"https:\/\/www.facebook.com\/moteroshoy\" target=\"_blank\" rel=\"external nofollow\">facebook<\/a><\/strong> y twitter.<\/p>\n<p>Saludos y r\u00e1fgas, Tony M\u00e1rquez<\/p>\n<!-- AddThis Advanced Settings generic via filter on the_content --><!-- AddThis Share Buttons generic via filter on the_content -->","protected":false},"excerpt":{"rendered":"<p>Nos encontramos en plena Navidad, hoy es 25 de diciembre y no quer\u00eda dejar pasar el d\u00eda sin daros las gracias a todos los que segu\u00eds mis art\u00edculos, por lo que antes de enrollarme FELICES FIESTAS y por supuesto PR\u00d3SPERO A\u00d1O NUEVO. \u00daltimamente tan solo suelo escribir para reflejar concentraciones, que suelen ser de nuestra [&hellip;]<!-- AddThis Advanced Settings generic via filter on get_the_excerpt --><!-- AddThis Share Buttons generic via filter on get_the_excerpt --><\/p>\n","protected":false},"author":49,"featured_media":0,"comment_status":"open","ping_status":"closed","sticky":false,"template":"","format":"standard","meta":[],"categories":[13],"tags":[69,399,622,624,629,936],"_links":{"self":[{"href":"https:\/\/blogs.hoy.es\/moterosdehoy\/wp-json\/wp\/v2\/posts\/1481"}],"collection":[{"href":"https:\/\/blogs.hoy.es\/moterosdehoy\/wp-json\/wp\/v2\/posts"}],"about":[{"href":"https:\/\/blogs.hoy.es\/moterosdehoy\/wp-json\/wp\/v2\/types\/post"}],"author":[{"embeddable":true,"href":"https:\/\/blogs.hoy.es\/moterosdehoy\/wp-json\/wp\/v2\/users\/49"}],"replies":[{"embeddable":true,"href":"https:\/\/blogs.hoy.es\/moterosdehoy\/wp-json\/wp\/v2\/comments?post=1481"}],"version-history":[{"count":0,"href":"https:\/\/blogs.hoy.es\/moterosdehoy\/wp-json\/wp\/v2\/posts\/1481\/revisions"}],"wp:attachment":[{"href":"https:\/\/blogs.hoy.es\/moterosdehoy\/wp-json\/wp\/v2\/media?parent=1481"}],"wp:term":[{"taxonomy":"category","embeddable":true,"href":"https:\/\/blogs.hoy.es\/moterosdehoy\/wp-json\/wp\/v2\/categories?post=1481"},{"taxonomy":"post_tag","embeddable":true,"href":"https:\/\/blogs.hoy.es\/moterosdehoy\/wp-json\/wp\/v2\/tags?post=1481"}],"curies":[{"name":"wp","href":"https:\/\/api.w.org\/{rel}","templated":true}]}}