{"id":1487,"date":"2015-01-17T12:13:22","date_gmt":"2015-01-17T12:13:22","guid":{"rendered":"http:\/\/blogs.hoy.es\/moterosdehoy\/?p=1487"},"modified":"2015-01-17T12:13:22","modified_gmt":"2015-01-17T12:13:22","slug":"dia-nacional-de-la-moto-en-espana","status":"publish","type":"post","link":"https:\/\/blogs.hoy.es\/moterosdehoy\/2015\/01\/17\/dia-nacional-de-la-moto-en-espana\/","title":{"rendered":"D\u00eda Nacional de la Moto en Espa\u00f1a"},"content":{"rendered":"<p>Somos muchos los usuarios de las motocicletas, unos por placer u ocio, otros para desplazarse m\u00e1s \u00e1gilmente que con un turismo y otros como herramienta de trabajo. Unos nos sentimos m\u00e1s atra\u00eddos por ellas que otros y tambi\u00e9n los hay que aunque les gustan les tienen miedo o respeto y prefieren no aventurarse a subirse a ellas, pero estoy seguro que a todos los que de alg\u00fan modo u otro nos atraen o tenemos alg\u00fan contacto con ellas, \u00e9sta iniciativa ser\u00e1 de agrado.<\/p>\n<p><a href=\"\/moterosdehoy\/wp-content\/uploads\/sites\/45\/2015\/01\/ii-encuentro-motero-solidario-ciudad-de-badajoz.jpg\"><img loading=\"lazy\" class=\"alignleft size-medium wp-image-1488\" title=\"ii encuentro motero solidario ciudad de badajoz\" src=\"\/moterosdehoy\/wp-content\/uploads\/sites\/45\/2015\/01\/ii-encuentro-motero-solidario-ciudad-de-badajoz.jpg\" alt=\"\" width=\"300\" height=\"196\" srcset=\"https:\/\/static-blogs.hoy.es\/wp-content\/uploads\/sites\/45\/2015\/01\/ii-encuentro-motero-solidario-ciudad-de-badajoz.jpg 629w, https:\/\/static-blogs.hoy.es\/wp-content\/uploads\/sites\/45\/2015\/01\/ii-encuentro-motero-solidario-ciudad-de-badajoz-300x197.jpg 300w\" sizes=\"(max-width: 300px) 100vw, 300px\" \/><\/a>La <a title=\"P\u00e1gina oficial de la PMSV\" href=\"http:\/\/www.pmsv.org\/\" target=\"_blank\" rel=\"external nofollow\">Asociaci\u00f3n Plataforma Motera por la Seguridad Via<\/a>l ha dado un peque\u00f1o paso que puede suponer mucho, ha pedido al Congreso la aprobaci\u00f3n del <strong>D\u00eda Nacional de la Moto<\/strong>. Para ello se ha creado una campa\u00f1a y una de sus partes es una <strong><a title=\"Acceso a la campa\u00f1a de recogida de firmas\" href=\"http:\/\/peticionpublica.es\/pview.aspx?pi=ES75619\" target=\"_blank\" rel=\"external nofollow\">web<\/a><\/strong> en la que puedes dar tu apoyo para que ese d\u00eda se convierta en una realidad.<\/p>\n<p>Por el momento el Congreso de los Diputados ha aprobado la iniciativa para que los motociclistas y amantes del sector de las dos ruedas podamos celebrar nuestra fiesta, El D\u00eda Nacional de la Moto. El Congreso ha admitido esa petici\u00f3n a modo de Proposici\u00f3n No de Ley para la Institucionalizaci\u00f3n del D\u00eda Nacional de la Moto.<\/p>\n<p>Ahora nos toca a nosotros apoyarlos y aportar nuestro granito de arena y as\u00ed sea una realidad, as\u00ed que no esperes m\u00e1s y entra en la <strong><a title=\"Web habilitada para recogida de firmas\" href=\"http:\/\/peticionpublica.es\/pview.aspx?pi=ES75619\" target=\"_blank\" rel=\"external nofollow\">web habilitada para recogida de firmas<\/a><\/strong> y all\u00ed tanto aficionados como apasionados, podemos firmar la propuesta.<\/p>\n<p>Ojal\u00e1 la propuesta llegue a su objetivo, no pedimos tener otro d\u00eda de FIESTA NACIONAL, sino celebrar nuestra fiesta de modo nacional y qui\u00e9n sabe puede llegar a ser mundial.<\/p>\n<p>Saludos y r\u00e1fagas.<\/p>\n<p>&nbsp;<\/p>\n<!-- AddThis Advanced Settings generic via filter on the_content --><!-- AddThis Share Buttons generic via filter on the_content -->","protected":false},"excerpt":{"rendered":"<p>Somos muchos los usuarios de las motocicletas, unos por placer u ocio, otros para desplazarse m\u00e1s \u00e1gilmente que con un turismo y otros como herramienta de trabajo. Unos nos sentimos m\u00e1s atra\u00eddos por ellas que otros y tambi\u00e9n los hay que aunque les gustan les tienen miedo o respeto y prefieren no aventurarse a subirse [&hellip;]<!-- AddThis Advanced Settings generic via filter on get_the_excerpt --><!-- AddThis Share Buttons generic via filter on get_the_excerpt --><\/p>\n","protected":false},"author":49,"featured_media":0,"comment_status":"open","ping_status":"closed","sticky":false,"template":"","format":"standard","meta":[],"categories":[4,13],"tags":[80,338,622,629,788],"_links":{"self":[{"href":"https:\/\/blogs.hoy.es\/moterosdehoy\/wp-json\/wp\/v2\/posts\/1487"}],"collection":[{"href":"https:\/\/blogs.hoy.es\/moterosdehoy\/wp-json\/wp\/v2\/posts"}],"about":[{"href":"https:\/\/blogs.hoy.es\/moterosdehoy\/wp-json\/wp\/v2\/types\/post"}],"author":[{"embeddable":true,"href":"https:\/\/blogs.hoy.es\/moterosdehoy\/wp-json\/wp\/v2\/users\/49"}],"replies":[{"embeddable":true,"href":"https:\/\/blogs.hoy.es\/moterosdehoy\/wp-json\/wp\/v2\/comments?post=1487"}],"version-history":[{"count":0,"href":"https:\/\/blogs.hoy.es\/moterosdehoy\/wp-json\/wp\/v2\/posts\/1487\/revisions"}],"wp:attachment":[{"href":"https:\/\/blogs.hoy.es\/moterosdehoy\/wp-json\/wp\/v2\/media?parent=1487"}],"wp:term":[{"taxonomy":"category","embeddable":true,"href":"https:\/\/blogs.hoy.es\/moterosdehoy\/wp-json\/wp\/v2\/categories?post=1487"},{"taxonomy":"post_tag","embeddable":true,"href":"https:\/\/blogs.hoy.es\/moterosdehoy\/wp-json\/wp\/v2\/tags?post=1487"}],"curies":[{"name":"wp","href":"https:\/\/api.w.org\/{rel}","templated":true}]}}