{"id":149,"date":"2012-06-30T10:26:30","date_gmt":"2012-06-30T10:26:30","guid":{"rendered":"http:\/\/blogs.hoy.es\/moterosdehoy\/?p=149"},"modified":"2012-06-30T10:26:30","modified_gmt":"2012-06-30T10:26:30","slug":"concentracion-motera-en-fuengirola-40-aniversario","status":"publish","type":"post","link":"https:\/\/blogs.hoy.es\/moterosdehoy\/2012\/06\/30\/concentracion-motera-en-fuengirola-40-aniversario\/","title":{"rendered":"Concentraci\u00f3n motera en Fuengirola &#8220;40 aniversario&#8221;"},"content":{"rendered":"<p>El <strong>s\u00e1bado 30 junio y el domingo 1 julio de 2012<\/strong> se celebra una concentraci\u00f3n motera en <strong>Fuengirola (M\u00e1laga)<\/strong> y de paso el organizador &#8220;<a href=\"http:\/\/www.motoclubfuengirola.com\/\" target=\"_blank\" rel=\"external nofollow\">Motoclub Fuengirola<\/a>&#8221; festejar\u00e1 su 40 aniversario.<\/p>\n<p>Para ello tienen organizado para el <strong>s\u00e1bado 30<\/strong>:\u00a0<a href=\"\/moterosdehoy\/wp-content\/uploads\/sites\/45\/2012\/06\/Concentraci\u00f3n-Fuengirola-2012.jpg\"><img loading=\"lazy\" class=\"alignright size-medium wp-image-153\" title=\"Concentraci\u00f3n Fuengirola 2012\" src=\"\/moterosdehoy\/wp-content\/uploads\/sites\/45\/2012\/06\/Concentraci\u00f3n-Fuengirola-2012.jpg\" alt=\"\" width=\"214\" height=\"300\" srcset=\"https:\/\/static-blogs.hoy.es\/wp-content\/uploads\/sites\/45\/2012\/06\/Concentraci\u00f3n-Fuengirola-2012.jpg 1024w, https:\/\/static-blogs.hoy.es\/wp-content\/uploads\/sites\/45\/2012\/06\/Concentraci\u00f3n-Fuengirola-2012-214x300.jpg 214w, https:\/\/static-blogs.hoy.es\/wp-content\/uploads\/sites\/45\/2012\/06\/Concentraci\u00f3n-Fuengirola-2012-768x1075.jpg 768w, https:\/\/static-blogs.hoy.es\/wp-content\/uploads\/sites\/45\/2012\/06\/Concentraci\u00f3n-Fuengirola-2012-732x1024.jpg 732w\" sizes=\"(max-width: 214px) 100vw, 214px\" \/><\/a><br \/>\n<strong>17.00 apertura de inscripciones<\/strong><br \/>\n19.00 Los enchufaos del club en concierto<br \/>\n21.00 Amnesis en concierto<br \/>\n23.00 Alhandal en concierto<br \/>\n<strong>01.00 despelote masculino y femenino<\/strong><\/p>\n<p>Y para el <strong>domingo 1<\/strong>:<br \/>\n10.00 apertura de inscripciones<br \/>\n<strong>12.30 ruta turistica<\/strong> por alrededores 40 km<br \/>\n15.00 Gran <strong>paella<\/strong><br \/>\n15.30 DJ EL GALLLO<br \/>\n17.00 entrega de trofeos<br \/>\n19.00 fin de fiesta<\/p>\n<p>Como ESPA\u00d1A juega la final pantalla de 6 metros, para ver el partido,<br \/>\neste programa puede sufir cambios segun criterio de la organizaci\u00f3n.<\/p>\n<p><strong>\u00a0 \u00a0Saludos y r\u00e1fagas.<\/strong><\/p>\n<!-- AddThis Advanced Settings generic via filter on the_content --><!-- AddThis Share Buttons generic via filter on the_content -->","protected":false},"excerpt":{"rendered":"<p>El s\u00e1bado 30 junio y el domingo 1 julio de 2012 se celebra una concentraci\u00f3n motera en Fuengirola (M\u00e1laga) y de paso el organizador &#8220;Motoclub Fuengirola&#8221; festejar\u00e1 su 40 aniversario. Para ello tienen organizado para el s\u00e1bado 30:\u00a0 17.00 apertura de inscripciones 19.00 Los enchufaos del club en concierto 21.00 Amnesis en concierto 23.00 Alhandal [&hellip;]<!-- AddThis Advanced Settings generic via filter on get_the_excerpt --><!-- AddThis Share Buttons generic via filter on get_the_excerpt --><\/p>\n","protected":false},"author":49,"featured_media":0,"comment_status":"open","ping_status":"closed","sticky":false,"template":"","format":"standard","meta":[],"categories":[13],"tags":[209,622,639],"_links":{"self":[{"href":"https:\/\/blogs.hoy.es\/moterosdehoy\/wp-json\/wp\/v2\/posts\/149"}],"collection":[{"href":"https:\/\/blogs.hoy.es\/moterosdehoy\/wp-json\/wp\/v2\/posts"}],"about":[{"href":"https:\/\/blogs.hoy.es\/moterosdehoy\/wp-json\/wp\/v2\/types\/post"}],"author":[{"embeddable":true,"href":"https:\/\/blogs.hoy.es\/moterosdehoy\/wp-json\/wp\/v2\/users\/49"}],"replies":[{"embeddable":true,"href":"https:\/\/blogs.hoy.es\/moterosdehoy\/wp-json\/wp\/v2\/comments?post=149"}],"version-history":[{"count":0,"href":"https:\/\/blogs.hoy.es\/moterosdehoy\/wp-json\/wp\/v2\/posts\/149\/revisions"}],"wp:attachment":[{"href":"https:\/\/blogs.hoy.es\/moterosdehoy\/wp-json\/wp\/v2\/media?parent=149"}],"wp:term":[{"taxonomy":"category","embeddable":true,"href":"https:\/\/blogs.hoy.es\/moterosdehoy\/wp-json\/wp\/v2\/categories?post=149"},{"taxonomy":"post_tag","embeddable":true,"href":"https:\/\/blogs.hoy.es\/moterosdehoy\/wp-json\/wp\/v2\/tags?post=149"}],"curies":[{"name":"wp","href":"https:\/\/api.w.org\/{rel}","templated":true}]}}