{"id":1490,"date":"2015-01-22T20:03:36","date_gmt":"2015-01-22T20:03:36","guid":{"rendered":"http:\/\/blogs.hoy.es\/moterosdehoy\/?p=1490"},"modified":"2015-01-22T20:03:36","modified_gmt":"2015-01-22T20:03:36","slug":"vuelven-a-la-actividad-los-belloteros-aceleraos","status":"publish","type":"post","link":"https:\/\/blogs.hoy.es\/moterosdehoy\/2015\/01\/22\/vuelven-a-la-actividad-los-belloteros-aceleraos\/","title":{"rendered":"Vuelven a la actividad los Belloteros Aceleraos"},"content":{"rendered":"<p>Los Belloteros Aceleraos son una asociaci\u00f3n motera de la localidad <a title=\"Los Santos de Maimona en wikipedia\" href=\"http:\/\/es.wikipedia.org\/wiki\/Los_Santos_de_Maimona\" target=\"_blank\" rel=\"external nofollow\">Los Santos de Maimona<\/a> (Badajoz), que estuvo muy activa hasta que en 2011 pasaron de estar federados a quedarse como club casi sin representaci\u00f3n, pero son muchos los simpatizantes de las motos en la localidad y por ello han decidido dar un empujoncito.<\/p>\n<p><a href=\"\/moterosdehoy\/wp-content\/uploads\/sites\/45\/2015\/01\/logotipo-Belloteros-aceleraos.jpg\"><img loading=\"lazy\" class=\"alignleft size-medium wp-image-1491\" title=\"logotipo Belloteros aceleraos\" src=\"\/moterosdehoy\/wp-content\/uploads\/sites\/45\/2015\/01\/logotipo-Belloteros-aceleraos.jpg\" alt=\"\" width=\"300\" height=\"264\" srcset=\"https:\/\/static-blogs.hoy.es\/wp-content\/uploads\/sites\/45\/2015\/01\/logotipo-Belloteros-aceleraos.jpg 663w, https:\/\/static-blogs.hoy.es\/wp-content\/uploads\/sites\/45\/2015\/01\/logotipo-Belloteros-aceleraos-300x264.jpg 300w\" sizes=\"(max-width: 300px) 100vw, 300px\" \/><\/a>En el pasado mes de noviembre tuvieron una reuni\u00f3n por intentar rehacer algo y ellos mismos se han quedado alucinados de la magnitud que han alcanzando.<\/p>\n<p>En los buenos tiempos del club eran unos veinte socios y ahora a tan solo un par de meses de coger fuerzas, ya son ciento diez.<\/p>\n<p>En principio pensaron en hacer una quedada motera para el d\u00eda uno de febrero de 2.015, dej\u00e1ndola abierta para que pudiera asistir todo el que quisiera participar, pero se han visto desbordados y tras el alto nivel de socios, que a su vez quieren llevar a sus acompa\u00f1antes, s\u00f3lo entre ellos son unos doscientos asistentes. Lo que para ser una quedada tras tiempo sin organizar nada, ya da para agobios, y no quieren quedar mal con nadie, por lo que realizar\u00e1n la quedada del d\u00eda uno de febrero, pero se han visto obligados a limitar<strong> las inscripciones<\/strong> y ya <strong>han quedado agotadas<\/strong>.<a href=\"\/moterosdehoy\/wp-content\/uploads\/sites\/45\/2015\/01\/Belloteros-aceleraos-2015.jpg\"><img loading=\"lazy\" class=\"alignright size-medium wp-image-1492\" title=\"Belloteros aceleraos 2015\" src=\"\/moterosdehoy\/wp-content\/uploads\/sites\/45\/2015\/01\/Belloteros-aceleraos-2015.jpg\" alt=\"\" width=\"228\" height=\"300\" srcset=\"https:\/\/static-blogs.hoy.es\/wp-content\/uploads\/sites\/45\/2015\/01\/Belloteros-aceleraos-2015.jpg 950w, https:\/\/static-blogs.hoy.es\/wp-content\/uploads\/sites\/45\/2015\/01\/Belloteros-aceleraos-2015-228x300.jpg 228w, https:\/\/static-blogs.hoy.es\/wp-content\/uploads\/sites\/45\/2015\/01\/Belloteros-aceleraos-2015-768x1011.jpg 768w, https:\/\/static-blogs.hoy.es\/wp-content\/uploads\/sites\/45\/2015\/01\/Belloteros-aceleraos-2015-778x1024.jpg 778w\" sizes=\"(max-width: 228px) 100vw, 228px\" \/><\/a><\/p>\n<p>De todos modos os paso el cartel del evento, pues muchos de vosotros seguro que ya est\u00e1is inscritos, o igual os los encontr\u00e1is por la ruta.<\/p>\n<p>En el cartel dispon\u00e9is tanto de los horarios, como del trayecto de la ruta, haz clic sobre \u00e9l y lo ver\u00e1s ampliado.<\/p>\n<p>Hay que decir que en Los Santos de Maimona hay muuuucha afici\u00f3n motera y son muchos los ciudadanos de la localidad que se han volcado en el evento, por lo que tendr\u00e1n gran n\u00famero de art\u00edculos para sortear tras la comida.<\/p>\n<p>De seguro que tendr\u00e1n un gran d\u00eda entre amigos y coger\u00e1n fuerzas para crear muchos m\u00e1s eventos, de los que estaremos pendientes.<\/p>\n<p><strong><a title=\"Enlace al facebook de Moteros de Hoy\" href=\"https:\/\/www.facebook.com\/moteroshoy\" target=\"_blank\" rel=\"external nofollow\">Saludos y r\u00e1fagas<\/a><\/strong>.<\/p>\n<!-- AddThis Advanced Settings generic via filter on the_content --><!-- AddThis Share Buttons generic via filter on the_content -->","protected":false},"excerpt":{"rendered":"<p>Los Belloteros Aceleraos son una asociaci\u00f3n motera de la localidad Los Santos de Maimona (Badajoz), que estuvo muy activa hasta que en 2011 pasaron de estar federados a quedarse como club casi sin representaci\u00f3n, pero son muchos los simpatizantes de las motos en la localidad y por ello han decidido dar un empujoncito. En el [&hellip;]<!-- AddThis Advanced Settings generic via filter on get_the_excerpt --><!-- AddThis Share Buttons generic via filter on get_the_excerpt --><\/p>\n","protected":false},"author":49,"featured_media":0,"comment_status":"open","ping_status":"closed","sticky":false,"template":"","format":"standard","meta":[],"categories":[13],"tags":[107,622,624,822],"_links":{"self":[{"href":"https:\/\/blogs.hoy.es\/moterosdehoy\/wp-json\/wp\/v2\/posts\/1490"}],"collection":[{"href":"https:\/\/blogs.hoy.es\/moterosdehoy\/wp-json\/wp\/v2\/posts"}],"about":[{"href":"https:\/\/blogs.hoy.es\/moterosdehoy\/wp-json\/wp\/v2\/types\/post"}],"author":[{"embeddable":true,"href":"https:\/\/blogs.hoy.es\/moterosdehoy\/wp-json\/wp\/v2\/users\/49"}],"replies":[{"embeddable":true,"href":"https:\/\/blogs.hoy.es\/moterosdehoy\/wp-json\/wp\/v2\/comments?post=1490"}],"version-history":[{"count":0,"href":"https:\/\/blogs.hoy.es\/moterosdehoy\/wp-json\/wp\/v2\/posts\/1490\/revisions"}],"wp:attachment":[{"href":"https:\/\/blogs.hoy.es\/moterosdehoy\/wp-json\/wp\/v2\/media?parent=1490"}],"wp:term":[{"taxonomy":"category","embeddable":true,"href":"https:\/\/blogs.hoy.es\/moterosdehoy\/wp-json\/wp\/v2\/categories?post=1490"},{"taxonomy":"post_tag","embeddable":true,"href":"https:\/\/blogs.hoy.es\/moterosdehoy\/wp-json\/wp\/v2\/tags?post=1490"}],"curies":[{"name":"wp","href":"https:\/\/api.w.org\/{rel}","templated":true}]}}