{"id":1493,"date":"2015-02-08T23:34:06","date_gmt":"2015-02-08T23:34:06","guid":{"rendered":"http:\/\/blogs.hoy.es\/moterosdehoy\/?p=1493"},"modified":"2015-02-08T23:34:06","modified_gmt":"2015-02-08T23:34:06","slug":"paseo-vesturistico-en-badajoz","status":"publish","type":"post","link":"https:\/\/blogs.hoy.es\/moterosdehoy\/2015\/02\/08\/paseo-vesturistico-en-badajoz\/","title":{"rendered":"Paseo VESTUR\u00cdSTICO en Badajoz"},"content":{"rendered":"<p>Los amigos del <a title=\"Club Vespacenses Badajoz\" href=\"https:\/\/es-es.facebook.com\/vespacenses\" target=\"_blank\" rel=\"external nofollow\">Club Vespacenses de Badajoz<\/a>, contin\u00faan con sus actividades y para el d\u00eda 21 de febrero tienen programado un buen d\u00eda vespero.<\/p>\n<p>Hay que decir que aunque sea un Club de Vespas, siempre solicitan ser arropados en sus rutas por Lambretas y motos cl\u00e1sicas, por lo que si tienes alguna de ellas y a\u00fan no los conoces, aqu\u00ed llega tu oportunidad.<\/p>\n<p><a href=\"\/moterosdehoy\/wp-content\/uploads\/sites\/45\/2015\/02\/2015_02-Vespas-Badajoz.jpg\"><img loading=\"lazy\" class=\"alignleft size-medium wp-image-1494\" title=\"2015_02 Vespas Badajoz\" src=\"\/moterosdehoy\/wp-content\/uploads\/sites\/45\/2015\/02\/2015_02-Vespas-Badajoz.jpg\" alt=\"\" width=\"211\" height=\"300\" srcset=\"https:\/\/static-blogs.hoy.es\/wp-content\/uploads\/sites\/45\/2015\/02\/2015_02-Vespas-Badajoz.jpg 678w, https:\/\/static-blogs.hoy.es\/wp-content\/uploads\/sites\/45\/2015\/02\/2015_02-Vespas-Badajoz-212x300.jpg 212w\" sizes=\"(max-width: 211px) 100vw, 211px\" \/><\/a>La pr\u00f3xima quedada la tienen programada para el <strong>s\u00e1bado d\u00eda 21 de febrero<\/strong>, teniendo su punto de encuentro en la Plaza Alta a las 10 horas, con la idea de visitar varios monumentos y puntos emblem\u00e1ticos de la ciudad de Badajoz.<\/p>\n<h2>PROGRAMACI\u00d3N:<\/h2>\n<p><strong>10:00 h. Plaza Alta de Badajoz<\/strong>, d\u00f3nde tomar\u00e1n un caf\u00e9 mientras llegan tod@s l@s compa\u00f1er@s. Antes de comenzar la visita realizar\u00e1n una foto de grupo en el photocall de <a title=\"P\u00e1gina oficial de Afatelex\" href=\"http:\/\/www.afatelextremadura.es\/\" target=\"_blank\" rel=\"external nofollow\">Afatel Extremadura<\/a>, una asociaci\u00f3n que ayuda a ni\u00f1os que padecen trastorno espec\u00edfico del lenguaje, colaborando en su campa\u00f1a de difusi\u00f3n #YoapoyoalTEL en las redes sociales.<\/p>\n<p><strong>11:00 h. Comenzar\u00e1n la visita tur\u00edstica<\/strong> haciendo un recorrido en Vespa por el casco hist\u00f3rico, realizando paradas en la Torre de Espantaperros, las Casas Consistoriales y Puerta de Palmas, que por cortes\u00eda de la Concejal\u00eda de Turismo abrir\u00e1 sus puertas para ellos. Continuando su recorrido por los exteriores de la Catedral, Plaza de la Soledad, etc.<\/p>\n<p>Tienen previsto terminar de nuevo en la Plaza Alta a las 13:30h donde compartir\u00e1n unas ca\u00f1as.<\/p>\n<p><strong>Para participar es imprescindible acudir con Vespa, Lambretta o cl\u00e1sica<\/strong> para que la actividad no pierda su encanto.<\/p>\n<p>En caso de no tener ninguna de esas motos, siempre te puedes pasar por all\u00ed a realizarles unas fotos o simplemente observar esas preciosidades, muchas de ellas tambi\u00e9n restauradas que no envidian a modelos nuevos reci\u00e9n sacados de f\u00e1brica. Por lo que si quer\u00e9is pasar una ma\u00f1ana diferente y divertida te estar\u00e1n esperando, seguro que habr\u00e1n muchos curiosos y amantes de las Vespas, pues es un veh\u00edculo que ha marcado mucha historia.<\/p>\n<p><a title=\"Enlace al facebook de Moteros de Hoy\" href=\"https:\/\/www.facebook.com\/moteroshoy\" rel=\"external nofollow\">Saludos y r\u00e1fagas<\/a>.<\/p>\n<!-- AddThis Advanced Settings generic via filter on the_content --><!-- AddThis Share Buttons generic via filter on the_content -->","protected":false},"excerpt":{"rendered":"<p>Los amigos del Club Vespacenses de Badajoz, contin\u00faan con sus actividades y para el d\u00eda 21 de febrero tienen programado un buen d\u00eda vespero. Hay que decir que aunque sea un Club de Vespas, siempre solicitan ser arropados en sus rutas por Lambretas y motos cl\u00e1sicas, por lo que si tienes alguna de ellas y [&hellip;]<!-- AddThis Advanced Settings generic via filter on get_the_excerpt --><!-- AddThis Share Buttons generic via filter on get_the_excerpt --><\/p>\n","protected":false},"author":49,"featured_media":0,"comment_status":"open","ping_status":"closed","sticky":false,"template":"","format":"standard","meta":[],"categories":[13],"tags":[178,622,624,684,993],"_links":{"self":[{"href":"https:\/\/blogs.hoy.es\/moterosdehoy\/wp-json\/wp\/v2\/posts\/1493"}],"collection":[{"href":"https:\/\/blogs.hoy.es\/moterosdehoy\/wp-json\/wp\/v2\/posts"}],"about":[{"href":"https:\/\/blogs.hoy.es\/moterosdehoy\/wp-json\/wp\/v2\/types\/post"}],"author":[{"embeddable":true,"href":"https:\/\/blogs.hoy.es\/moterosdehoy\/wp-json\/wp\/v2\/users\/49"}],"replies":[{"embeddable":true,"href":"https:\/\/blogs.hoy.es\/moterosdehoy\/wp-json\/wp\/v2\/comments?post=1493"}],"version-history":[{"count":0,"href":"https:\/\/blogs.hoy.es\/moterosdehoy\/wp-json\/wp\/v2\/posts\/1493\/revisions"}],"wp:attachment":[{"href":"https:\/\/blogs.hoy.es\/moterosdehoy\/wp-json\/wp\/v2\/media?parent=1493"}],"wp:term":[{"taxonomy":"category","embeddable":true,"href":"https:\/\/blogs.hoy.es\/moterosdehoy\/wp-json\/wp\/v2\/categories?post=1493"},{"taxonomy":"post_tag","embeddable":true,"href":"https:\/\/blogs.hoy.es\/moterosdehoy\/wp-json\/wp\/v2\/tags?post=1493"}],"curies":[{"name":"wp","href":"https:\/\/api.w.org\/{rel}","templated":true}]}}