{"id":1496,"date":"2015-02-16T20:18:10","date_gmt":"2015-02-16T20:18:10","guid":{"rendered":"http:\/\/blogs.hoy.es\/moterosdehoy\/?p=1496"},"modified":"2015-02-16T20:18:10","modified_gmt":"2015-02-16T20:18:10","slug":"motocross-en-malpartida-de-caceres","status":"publish","type":"post","link":"https:\/\/blogs.hoy.es\/moterosdehoy\/2015\/02\/16\/motocross-en-malpartida-de-caceres\/","title":{"rendered":"Motocross en Malpartida de C\u00e1ceres"},"content":{"rendered":"<div>En la localidad cacere\u00f1a de &#8220;<a title=\"Malpartida de C\u00e1ceres en wikipedia\" href=\"http:\/\/es.wikipedia.org\/wiki\/Malpartida_de_C%C3%A1ceres\" target=\"_blank\" rel=\"external nofollow\">Malpartida de C\u00e1ceres<\/a>&#8221; contamos con un circuito offroad, se llama &#8220;<a title=\"P\u00e1gina de Circuito Las Arenas\" href=\"http:\/\/mclasarenas.com\/\" target=\"_blank\" rel=\"external nofollow\">Circuito Las Arenas<\/a>&#8221; y el fin de semana del 21 y 22 de febrero en \u00e9l arrancar\u00e1 el <strong>Campeonato de Espa\u00f1a de Motocross MX-\u00c9lite 2015<\/strong>.<\/div>\n<div><\/div>\n<div><a href=\"\/moterosdehoy\/wp-content\/uploads\/sites\/45\/2015\/02\/Motocross-en-Malpartida-de-C\u00e1ceres.jpg\"><img loading=\"lazy\" class=\"alignleft size-medium wp-image-1497\" title=\"Motocross en Malpartida de C\u00e1ceres\" src=\"\/moterosdehoy\/wp-content\/uploads\/sites\/45\/2015\/02\/Motocross-en-Malpartida-de-C\u00e1ceres.jpg\" alt=\"\" width=\"211\" height=\"300\" srcset=\"https:\/\/static-blogs.hoy.es\/wp-content\/uploads\/sites\/45\/2015\/02\/Motocross-en-Malpartida-de-C\u00e1ceres.jpg 678w, https:\/\/static-blogs.hoy.es\/wp-content\/uploads\/sites\/45\/2015\/02\/Motocross-en-Malpartida-de-C\u00e1ceres-212x300.jpg 212w\" sizes=\"(max-width: 211px) 100vw, 211px\" \/><\/a>Es una opci\u00f3n inmejorable para poder disfrutar del mejor Motocross nacional, con las categor\u00edas MX-1 \u00c9lite, MX-2 \u00c9lite, MX-125 y MX-85.<\/div>\n<div><\/div>\n<div>De seguro que ser\u00e1 un arranque por todo lo alto, pues el circuito ha sido mimado al detalle y tanto equipos, como pilotos, ir\u00e1n cargados de ilusi\u00f3n y ganas de empezar la temporada.<\/div>\n<div><\/div>\n<div>El s\u00e1bado 21 tendr\u00e1n lugar los entrenamientos y el domingo 22, de 10 a 15 horas las carreras. Si est\u00e1s interesado en asistir ten en cuenta que el <strong>precio de entrada es de 12\u20ac<\/strong> y diez en venta anticipada, pudiendo hacerte de ella en las tiendas, Divermoto, Motocar y Motos Pelin y tambi\u00e9n en el Hotel Pe\u00f1a-Cruz en Malpartida de C\u00e1ceres.<\/div>\n<div><\/div>\n<div><a title=\"Facebook de Moteros de Hoy\" href=\"https:\/\/www.facebook.com\/moteroshoy\" target=\"_blank\" rel=\"external nofollow\">Saludos y r\u00e1fagas<\/a>.<\/div>\n<!-- AddThis Advanced Settings generic via filter on the_content --><!-- AddThis Share Buttons generic via filter on the_content -->","protected":false},"excerpt":{"rendered":"<p>En la localidad cacere\u00f1a de &#8220;Malpartida de C\u00e1ceres&#8221; contamos con un circuito offroad, se llama &#8220;Circuito Las Arenas&#8221; y el fin de semana del 21 y 22 de febrero en \u00e9l arrancar\u00e1 el Campeonato de Espa\u00f1a de Motocross MX-\u00c9lite 2015. Es una opci\u00f3n inmejorable para poder disfrutar del mejor Motocross nacional, con las categor\u00edas MX-1 [&hellip;]<!-- AddThis Advanced Settings generic via filter on get_the_excerpt --><!-- AddThis Share Buttons generic via filter on get_the_excerpt --><\/p>\n","protected":false},"author":49,"featured_media":0,"comment_status":"open","ping_status":"closed","sticky":false,"template":"","format":"standard","meta":[],"categories":[13],"tags":[167,613,622,624,659],"_links":{"self":[{"href":"https:\/\/blogs.hoy.es\/moterosdehoy\/wp-json\/wp\/v2\/posts\/1496"}],"collection":[{"href":"https:\/\/blogs.hoy.es\/moterosdehoy\/wp-json\/wp\/v2\/posts"}],"about":[{"href":"https:\/\/blogs.hoy.es\/moterosdehoy\/wp-json\/wp\/v2\/types\/post"}],"author":[{"embeddable":true,"href":"https:\/\/blogs.hoy.es\/moterosdehoy\/wp-json\/wp\/v2\/users\/49"}],"replies":[{"embeddable":true,"href":"https:\/\/blogs.hoy.es\/moterosdehoy\/wp-json\/wp\/v2\/comments?post=1496"}],"version-history":[{"count":0,"href":"https:\/\/blogs.hoy.es\/moterosdehoy\/wp-json\/wp\/v2\/posts\/1496\/revisions"}],"wp:attachment":[{"href":"https:\/\/blogs.hoy.es\/moterosdehoy\/wp-json\/wp\/v2\/media?parent=1496"}],"wp:term":[{"taxonomy":"category","embeddable":true,"href":"https:\/\/blogs.hoy.es\/moterosdehoy\/wp-json\/wp\/v2\/categories?post=1496"},{"taxonomy":"post_tag","embeddable":true,"href":"https:\/\/blogs.hoy.es\/moterosdehoy\/wp-json\/wp\/v2\/tags?post=1496"}],"curies":[{"name":"wp","href":"https:\/\/api.w.org\/{rel}","templated":true}]}}