{"id":1498,"date":"2015-02-24T10:22:48","date_gmt":"2015-02-24T10:22:48","guid":{"rendered":"http:\/\/blogs.hoy.es\/moterosdehoy\/?p=1498"},"modified":"2015-02-24T10:22:48","modified_gmt":"2015-02-24T10:22:48","slug":"concentracion-motos-y-quads-121-en-oliva-de-la-frontera","status":"publish","type":"post","link":"https:\/\/blogs.hoy.es\/moterosdehoy\/2015\/02\/24\/concentracion-motos-y-quads-121-en-oliva-de-la-frontera\/","title":{"rendered":"Concentraci\u00f3n Motos y Quads 12+1 en Oliva de la Frontera"},"content":{"rendered":"<p>Va llegando el buen tiempo y arrancan las concentraciones moteras, para \u00e9ste fin de semana el grupo motero MotoQuads de Oliva de la Frontera nos trae su concentraci\u00f3n 12+1.<\/p>\n<p>\u00c9ste s\u00e1bado 28 febrero y domingo 1 marzo, tendr\u00e1 lugar en\u00a0<a title=\"Oliva de la Frontera en wikipedia\" href=\"http:\/\/es.wikipedia.org\/wiki\/Oliva_de_la_Frontera\" target=\"_blank\" rel=\"external nofollow\">Oliva de la Frontera<\/a>\u00a0(Badajoz) su concentraci\u00f3n motera. Como en ediciones anteriores habr\u00e1 ruta por carretera y ruta de enduro, y en \u00e9sta \u00faltima tanto para motos como para quads, que ir\u00e1n juntos pero no revueltos.<\/p>\n<div id=\"attachment_1394\">\n<div id=\"attachment_1499\" style=\"width: 225px\" class=\"wp-caption alignleft\"><a href=\"\/moterosdehoy\/wp-content\/uploads\/sites\/45\/2015\/02\/Oliva-de-la-Frontera.jpg\"><img aria-describedby=\"caption-attachment-1499\" loading=\"lazy\" class=\"size-medium wp-image-1499\" title=\"Oliva de la Frontera\" src=\"\/moterosdehoy\/wp-content\/uploads\/sites\/45\/2015\/02\/Oliva-de-la-Frontera.jpg\" alt=\"\" width=\"215\" height=\"300\" srcset=\"https:\/\/static-blogs.hoy.es\/wp-content\/uploads\/sites\/45\/2015\/02\/Oliva-de-la-Frontera.jpg 720w, https:\/\/static-blogs.hoy.es\/wp-content\/uploads\/sites\/45\/2015\/02\/Oliva-de-la-Frontera-215x300.jpg 215w\" sizes=\"(max-width: 215px) 100vw, 215px\" \/><\/a><p id=\"caption-attachment-1499\" class=\"wp-caption-text\">Cartel del evento<\/p><\/div>\n<p>En \u00e9sta edici\u00f3n hay varias novedades, por un lado la ruta de carretera, ser\u00e1 en formato RAID. Y en \u00e9sta edici\u00f3n la comida del domingo ser\u00e1 de restaurante, en concreto en el complejo rural \u201cLa Venta\u201d. Antigua casa-cuartel de la Guardia Civil que ha sido rehabilitada, situada entre Oliva y\u00a0<a title=\"Valencia de Mombuey en wikipedia\" href=\"http:\/\/es.wikipedia.org\/wiki\/Valencia_del_Mombuey\" target=\"_blank\" rel=\"external nofollow\">Valencia de Mombuey<\/a>, un lugar cargado de naturaleza y de historia fronteriza.<\/p>\n<\/div>\n<p>La concentraci\u00f3n comenzara el s\u00e1bado al medio d\u00eda, con platos de paella a 50 c\u00e9ntimos y se pinchar\u00e1 un barril, dejando las ca\u00f1as tambi\u00e9n a 50 c\u00e9ntimos, para comenzar bien e ir abriendo boca.<\/p>\n<h2>Dentro del programa tienen previsto:<\/h2>\n<h3>S\u00e1bado d\u00eda 28 febrero<\/h3>\n<p><strong>16:00h<\/strong>\u00a0pruebas de infantiles y amater (carrera lenta, carrera cinta, cronometradas).<\/p>\n<p><strong>Noche<\/strong>\u00a0Dj y a partir de las\u00a0<strong>2.00h<\/strong>\u00a0NOCHE ER\u00d3TICA.<\/p>\n<h3>Domingo 1 de marzo<\/h3>\n<p><strong>9:30h<\/strong>\u00a0ruta por el campo, motos y quads (habr\u00e1 ruta infantil) recorrido aproximado de 83km. El almuerzo ser\u00e1 en ruta, en el complejo rural la venta.<\/p>\n<p><strong>10:30h<\/strong>\u00a0ruta por el campo veh\u00edculos 4\u00d74 y similares recorrido aproximado de 80km. Con almuerzo en ruta complejo rural la venta.<\/p>\n<p><strong>11:30h<\/strong>\u00a0raid aventura para motos de carretera y trail recorrido 150km aprox. Habr\u00e1n dos puntos de control durante el recorrido, donde habr\u00e1 pulgitas y refrescos, para llegar en la comida al complejo rural la venta. Para los que vay\u00e1is a realizar el raid tener en cuenta que se har\u00e1n muchos peque\u00f1os grupos, por lo que si quer\u00e9is hacerla con los colegas, estar pendiente a la hora de salir.<\/p>\n<p>Al finalizar la comida, pruebas cronometradas con trofeos y sorteo de regalos para los inscritos.<\/p>\n<p>Los\u00a0<strong>precios<\/strong>\u00a0aparecen en el cartel y depende de la modalidad de inscripci\u00f3n, oscilando\u00a0<strong>entre los 10 y 25 euros<\/strong>, tener en cuenta que con la inscripci\u00f3n entra desayuno, pulguitas y refrescos en puntos de control, comida (sentado en restaurante) y bolsa de bienvenida, por lo que el precio no puede estar m\u00e1s ajustado y se ha conseguido gracias a la colaboraci\u00f3n de todos los que aparecen en el cartel, que son muchos.<\/p>\n<p>Si es posible, realizar la inscripci\u00f3n por adelantado, para que el restaurante pueda hacerse una idea del n\u00famero de inscritos, el n\u00ba de cuenta es 3009 0103 59 2062488214, cuenta de la Caja Rural de Extremadura, indicar inscripci\u00f3n 12+1 y por supuesto el nombre. Han creado un evento en facebook para calcular los asistentes, si quieres\u00a0<strong><a title=\"Enlace al evento en facebook\" href=\"https:\/\/www.facebook.com\/events\/813893892029889\/?ref_dashboard_filter=calendar\" target=\"_blank\" rel=\"external nofollow\">ver el evento CLIC AQU\u00cd.<\/a><\/strong><\/p>\n<p><strong>Tener en cuenta que el n\u00famero de cuenta del cartel acaba en 2, es un error de impresi\u00f3n, el correcto es el que detallo arriba.<\/strong><\/p>\n<p>Seguro que se pasar\u00e1 un buen fin de semana motero.<\/p>\n<p>Saludos y r\u00e1fagas.<\/p>\n<!-- AddThis Advanced Settings generic via filter on the_content --><!-- AddThis Share Buttons generic via filter on the_content -->","protected":false},"excerpt":{"rendered":"<p>Va llegando el buen tiempo y arrancan las concentraciones moteras, para \u00e9ste fin de semana el grupo motero MotoQuads de Oliva de la Frontera nos trae su concentraci\u00f3n 12+1. \u00c9ste s\u00e1bado 28 febrero y domingo 1 marzo, tendr\u00e1 lugar en\u00a0Oliva de la Frontera\u00a0(Badajoz) su concentraci\u00f3n motera. Como en ediciones anteriores habr\u00e1 ruta por carretera y [&hellip;]<!-- AddThis Advanced Settings generic via filter on get_the_excerpt --><!-- AddThis Share Buttons generic via filter on get_the_excerpt --><\/p>\n","protected":false},"author":49,"featured_media":0,"comment_status":"open","ping_status":"closed","sticky":false,"template":"","format":"standard","meta":[],"categories":[13],"tags":[218,250,622,624],"_links":{"self":[{"href":"https:\/\/blogs.hoy.es\/moterosdehoy\/wp-json\/wp\/v2\/posts\/1498"}],"collection":[{"href":"https:\/\/blogs.hoy.es\/moterosdehoy\/wp-json\/wp\/v2\/posts"}],"about":[{"href":"https:\/\/blogs.hoy.es\/moterosdehoy\/wp-json\/wp\/v2\/types\/post"}],"author":[{"embeddable":true,"href":"https:\/\/blogs.hoy.es\/moterosdehoy\/wp-json\/wp\/v2\/users\/49"}],"replies":[{"embeddable":true,"href":"https:\/\/blogs.hoy.es\/moterosdehoy\/wp-json\/wp\/v2\/comments?post=1498"}],"version-history":[{"count":0,"href":"https:\/\/blogs.hoy.es\/moterosdehoy\/wp-json\/wp\/v2\/posts\/1498\/revisions"}],"wp:attachment":[{"href":"https:\/\/blogs.hoy.es\/moterosdehoy\/wp-json\/wp\/v2\/media?parent=1498"}],"wp:term":[{"taxonomy":"category","embeddable":true,"href":"https:\/\/blogs.hoy.es\/moterosdehoy\/wp-json\/wp\/v2\/categories?post=1498"},{"taxonomy":"post_tag","embeddable":true,"href":"https:\/\/blogs.hoy.es\/moterosdehoy\/wp-json\/wp\/v2\/tags?post=1498"}],"curies":[{"name":"wp","href":"https:\/\/api.w.org\/{rel}","templated":true}]}}