{"id":150,"date":"2012-06-30T09:34:01","date_gmt":"2012-06-30T09:34:01","guid":{"rendered":"http:\/\/blogs.hoy.es\/moterosdehoy\/?p=150"},"modified":"2012-06-30T09:34:01","modified_gmt":"2012-06-30T09:34:01","slug":"concentracion-motera-121-gorilitas-en-fuente-del-maestre","status":"publish","type":"post","link":"https:\/\/blogs.hoy.es\/moterosdehoy\/2012\/06\/30\/concentracion-motera-121-gorilitas-en-fuente-del-maestre\/","title":{"rendered":"Concentraci\u00f3n motera 12+1 &#8220;Gorilitas&#8221; en Fuente del Maestre"},"content":{"rendered":"<p style=\"text-align: justify;\"><strong>Del 6 al 8 de Julio de 2012<\/strong>, se celebrar\u00e1 la edici\u00f3n 12 + 1 de la Concentraci\u00f3n Motera\u201cLos Gorilitas\u201d, organizada por la Pe\u00f1a Motera con el mismo nombre y con el patrocinio del Ayuntamiento de Fuente del Maestre (Badajoz).\u00a0<a href=\"\/moterosdehoy\/wp-content\/uploads\/sites\/45\/2012\/06\/CARTELES-GORILITAS-2012-001.jpg\"><img loading=\"lazy\" class=\"alignright size-medium wp-image-151\" title=\"CARTEL GORILITAS 2012\" src=\"\/moterosdehoy\/wp-content\/uploads\/sites\/45\/2012\/06\/CARTELES-GORILITAS-2012-001.jpg\" alt=\"\" width=\"225\" height=\"300\" srcset=\"https:\/\/static-blogs.hoy.es\/wp-content\/uploads\/sites\/45\/2012\/06\/CARTELES-GORILITAS-2012-001.jpg 1200w, https:\/\/static-blogs.hoy.es\/wp-content\/uploads\/sites\/45\/2012\/06\/CARTELES-GORILITAS-2012-001-225x300.jpg 225w, https:\/\/static-blogs.hoy.es\/wp-content\/uploads\/sites\/45\/2012\/06\/CARTELES-GORILITAS-2012-001-768x1024.jpg 768w\" sizes=\"(max-width: 225px) 100vw, 225px\" \/><\/a><\/p>\n<p style=\"text-align: justify;\">En cuanto al programa de actividades, la concentraci\u00f3n comenzar\u00e1 el viernes 6 de Julio a las 22:00 horas, con una <strong>macrofiesta<\/strong> \u201c<strong>20.000 W de sonido y acampada gratis<\/strong>\u201d.<\/p>\n<p style=\"text-align: justify;\">El <strong>s\u00e1bado d\u00eda 7<\/strong>, alas 13:30 horas comienzan las <strong>inscripciones<\/strong>, a las 18:30 horas habr\u00e1n Juegos Populares, a las 20:00 <strong>ruta bar\u00edtima<\/strong>, y a partir de las 00:00 horas, comenzar\u00e1 otra gran fiesta con magia, DJ\/animador, sorpresas y regalos.<\/p>\n<p style=\"text-align: justify;\">El <strong>domingo 8<\/strong> de Julio, a partir de las 11.30 horas \u201c<strong>gran fiesta motera con zumo de cebada y parrillada, en cantidades sumamente industriales<\/strong>\u201d.<\/p>\n<p style=\"text-align: justify;\">El <strong>precio<\/strong> de las inscripciones es de <strong>5 euros<\/strong> con 5 consumiciones (antes de la ruta bar\u00edtima).<\/p>\n<p style=\"text-align: justify;\">El responsable de organizaci\u00f3n, Andr\u00e9s Zambrano \u201cCoco\u201d, se ha mostrado \u201csorprendido\u201d por la buena respuesta de las casas comerciales a la hora de colaborar con el evento. En sus palabras comenta: \u201cCuriosamente, en tiempos de crisis, este a\u00f1o he encontrado m\u00e1s ayuda que nunca, nadie me ha dicho que no\u201d. A su vez recuerda la primera concentraci\u00f3n motera, en el 2000, como \u201cla mejor, la que dej\u00f3 mejor sabor de boca y otra en el2008\u201d, y se emociona cuando recuerda \u201ca amigos, compa\u00f1eros, que ya no est\u00e1n con nosotros y a los que siempre recordamos\u201d.<\/p>\n<p style=\"text-align: justify;\"><strong>\u00a0 \u00a0Saludos y r\u00e1fagas.<\/strong><\/p>\n<!-- AddThis Advanced Settings generic via filter on the_content --><!-- AddThis Share Buttons generic via filter on the_content -->","protected":false},"excerpt":{"rendered":"<p>Del 6 al 8 de Julio de 2012, se celebrar\u00e1 la edici\u00f3n 12 + 1 de la Concentraci\u00f3n Motera\u201cLos Gorilitas\u201d, organizada por la Pe\u00f1a Motera con el mismo nombre y con el patrocinio del Ayuntamiento de Fuente del Maestre (Badajoz).\u00a0 En cuanto al programa de actividades, la concentraci\u00f3n comenzar\u00e1 el viernes 6 de Julio a [&hellip;]<!-- AddThis Advanced Settings generic via filter on get_the_excerpt --><!-- AddThis Share Buttons generic via filter on get_the_excerpt --><\/p>\n","protected":false},"author":49,"featured_media":0,"comment_status":"open","ping_status":"closed","sticky":false,"template":"","format":"standard","meta":[],"categories":[6,13],"tags":[210,622,639],"_links":{"self":[{"href":"https:\/\/blogs.hoy.es\/moterosdehoy\/wp-json\/wp\/v2\/posts\/150"}],"collection":[{"href":"https:\/\/blogs.hoy.es\/moterosdehoy\/wp-json\/wp\/v2\/posts"}],"about":[{"href":"https:\/\/blogs.hoy.es\/moterosdehoy\/wp-json\/wp\/v2\/types\/post"}],"author":[{"embeddable":true,"href":"https:\/\/blogs.hoy.es\/moterosdehoy\/wp-json\/wp\/v2\/users\/49"}],"replies":[{"embeddable":true,"href":"https:\/\/blogs.hoy.es\/moterosdehoy\/wp-json\/wp\/v2\/comments?post=150"}],"version-history":[{"count":0,"href":"https:\/\/blogs.hoy.es\/moterosdehoy\/wp-json\/wp\/v2\/posts\/150\/revisions"}],"wp:attachment":[{"href":"https:\/\/blogs.hoy.es\/moterosdehoy\/wp-json\/wp\/v2\/media?parent=150"}],"wp:term":[{"taxonomy":"category","embeddable":true,"href":"https:\/\/blogs.hoy.es\/moterosdehoy\/wp-json\/wp\/v2\/categories?post=150"},{"taxonomy":"post_tag","embeddable":true,"href":"https:\/\/blogs.hoy.es\/moterosdehoy\/wp-json\/wp\/v2\/tags?post=150"}],"curies":[{"name":"wp","href":"https:\/\/api.w.org\/{rel}","templated":true}]}}