{"id":1501,"date":"2015-03-13T20:31:55","date_gmt":"2015-03-13T20:31:55","guid":{"rendered":"http:\/\/blogs.hoy.es\/moterosdehoy\/?p=1501"},"modified":"2015-03-13T20:31:55","modified_gmt":"2015-03-13T20:31:55","slug":"marzo-cargado-de-eventos-moteros","status":"publish","type":"post","link":"https:\/\/blogs.hoy.es\/moterosdehoy\/2015\/03\/13\/marzo-cargado-de-eventos-moteros\/","title":{"rendered":"Marzo cargado de eventos moteros"},"content":{"rendered":"<p>Siento no tener actualizado el blog pero se est\u00e1n realizando cambios en la p\u00e1gina del Diario Digital y no me permite el acceso, ahora que lo tengo disponible aprovecho.<\/p>\n<div id=\"attachment_1502\" style=\"width: 310px\" class=\"wp-caption alignleft\"><a href=\"\/moterosdehoy\/wp-content\/uploads\/sites\/45\/2015\/03\/Moteros-de-Hoy-_-Costa-da-Caparica.jpg\"><img aria-describedby=\"caption-attachment-1502\" loading=\"lazy\" class=\"size-medium wp-image-1502\" title=\"Moteros de Hoy _ Costa da Caparica\" src=\"\/moterosdehoy\/wp-content\/uploads\/sites\/45\/2015\/03\/Moteros-de-Hoy-_-Costa-da-Caparica.jpg\" alt=\"\" width=\"300\" height=\"185\" srcset=\"https:\/\/static-blogs.hoy.es\/wp-content\/uploads\/sites\/45\/2015\/03\/Moteros-de-Hoy-_-Costa-da-Caparica.jpg 4192w, https:\/\/static-blogs.hoy.es\/wp-content\/uploads\/sites\/45\/2015\/03\/Moteros-de-Hoy-_-Costa-da-Caparica-300x185.jpg 300w, https:\/\/static-blogs.hoy.es\/wp-content\/uploads\/sites\/45\/2015\/03\/Moteros-de-Hoy-_-Costa-da-Caparica-768x475.jpg 768w, https:\/\/static-blogs.hoy.es\/wp-content\/uploads\/sites\/45\/2015\/03\/Moteros-de-Hoy-_-Costa-da-Caparica-1024x633.jpg 1024w\" sizes=\"(max-width: 300px) 100vw, 300px\" \/><\/a><p id=\"caption-attachment-1502\" class=\"wp-caption-text\">Moteros de Hoy<\/p><\/div>\n<p>En \u00e9ste mes de marzo hay eventos moteros dentro de Extremadura todos los fines de semana y en muchos de ellos varios para poder elegir.<\/p>\n<p>Hay una iniciativa solidaria en com\u00fan durante \u00e9ste mes, tiene como <a title=\"Eventos en Extremadura a favor de NAYRA\" href=\"http:\/\/www.moterosdehoy.es\/2015\/03\/07\/kms-por-nayra-en-extremadura\/\" target=\"_blank\" rel=\"external nofollow\">objetivo ayudar a NAYRA<\/a>. Es una iniciativa del MotoClub &#8220;Veteranos MC&#8221; para ayudar a Nayra, ni\u00f1a de cuatro a\u00f1os que desde su nacimiento sufre una cardiopat\u00eda cong\u00e9nita complicada, en Espa\u00f1a no pueden curarle y para ello necesita viajar a Estados Unidos, donde recibir\u00e1 un tratamiento valorado en unos 700.000\u20ac.<\/p>\n<p>La iniciativa tendr\u00e1 en com\u00fan la fecha del 21 de marzo, pero es evidente que las fechas en ocasiones est\u00e1n ocupadas con otros eventos y es mejor no cargar un mismo d\u00eda o fin de semana, por ello en Los Santos de Maimona se realizar\u00e1 el 15 de marzo, para aprovechar una concentraci\u00f3n motera ya establecida, y en el caso de la provincia de C\u00e1ceres se celebrar\u00e1 en C\u00e1ceres el 28 de marzo, dado que del 20 al 22 ya ten\u00edan prevista otra buena concentraci\u00f3n con otra buena causa, en \u00e9ste caso contra el paro juvenil, teniendo lugar en Ba\u00f1os de Montemayor y por iniciativa de la <a title=\"Web de Fundaci\u00f3n Alegr\u00eda\" href=\"http:\/\/www.fundacionalegria.es\/noticias-y-eventos\/eventos\/item\/1-concentracion-solidaria-motera.html\" target=\"_blank\" rel=\"external nofollow\">Fundaci\u00f3n Alegr\u00eda<\/a>.<\/p>\n<p>Del mismo modo <a title=\"Evento en facebook\" href=\"https:\/\/www.facebook.com\/events\/299712183558354\/\" target=\"_blank\" rel=\"external nofollow\">el d\u00eda 22 en Plasencia<\/a> el MotoClub &#8220;<a title=\"Enlace al blog de Abutres MC C\u00e1ceres\" href=\"http:\/\/abutresmcpccaceres.blogspot.com.es\/2014\/08\/presentacion-abutres-mc-caceres.html\" target=\"_blank\" rel=\"external nofollow\">Abutres MC<\/a>&#8221; ya ten\u00eda previsto una concentraci\u00f3n solidaria, hay que decir que \u00e9ste grupo motero, hoy d\u00eda &#8220;Prospect Chappter&#8221; se est\u00e1 implicando mucho en eventos solidarios. En \u00e9sta ocasi\u00f3n es a favor de la <a title=\"Enlace a su web\" href=\"http:\/\/www.aladina.org\/\" target=\"_blank\" rel=\"external nofollow\">Fundaci\u00f3n Aladina<\/a>, la cual ayuda a los ni\u00f1os y adolescentes con c\u00e1ncer, especialmente en su hospitalizaci\u00f3n.<\/p>\n<p>Si quieres acceder a <strong><a title=\"Concentraciones moteras marzo 2015\" href=\"http:\/\/www.moterosdehoy.es\/2015\/02\/27\/concentraciones-y-kdds-moteras-en-marzo-2015\/\" rel=\"external nofollow\">todas las concentraciones de marzo<\/a><\/strong> o saber m\u00e1s sobre alguna haz clic sobre el enlace.<\/p>\n<p>No lo dudes, coge la moto y p\u00e1sate por alguna concentra, lo pasar\u00e1s fenomenal, har\u00e1s amigos y adem\u00e1s si tiene car\u00e1cter solidario pues que decir, lo pasas bien y de paso puedes ayudar.<\/p>\n<p><a title=\"Enlace al facebook de Moteros de Hoy\" href=\"https:\/\/www.facebook.com\/moteroshoy\" target=\"_blank\" rel=\"external nofollow\">Saludos y r\u00e1fagas<\/a>.<\/p>\n<!-- AddThis Advanced Settings generic via filter on the_content --><!-- AddThis Share Buttons generic via filter on the_content -->","protected":false},"excerpt":{"rendered":"<p>Siento no tener actualizado el blog pero se est\u00e1n realizando cambios en la p\u00e1gina del Diario Digital y no me permite el acceso, ahora que lo tengo disponible aprovecho. En \u00e9ste mes de marzo hay eventos moteros dentro de Extremadura todos los fines de semana y en muchos de ellos varios para poder elegir. Hay [&hellip;]<!-- AddThis Advanced Settings generic via filter on get_the_excerpt --><!-- AddThis Share Buttons generic via filter on get_the_excerpt --><\/p>\n","protected":false},"author":49,"featured_media":0,"comment_status":"open","ping_status":"closed","sticky":false,"template":"","format":"standard","meta":[],"categories":[13],"tags":[274,422,556,622,624],"_links":{"self":[{"href":"https:\/\/blogs.hoy.es\/moterosdehoy\/wp-json\/wp\/v2\/posts\/1501"}],"collection":[{"href":"https:\/\/blogs.hoy.es\/moterosdehoy\/wp-json\/wp\/v2\/posts"}],"about":[{"href":"https:\/\/blogs.hoy.es\/moterosdehoy\/wp-json\/wp\/v2\/types\/post"}],"author":[{"embeddable":true,"href":"https:\/\/blogs.hoy.es\/moterosdehoy\/wp-json\/wp\/v2\/users\/49"}],"replies":[{"embeddable":true,"href":"https:\/\/blogs.hoy.es\/moterosdehoy\/wp-json\/wp\/v2\/comments?post=1501"}],"version-history":[{"count":0,"href":"https:\/\/blogs.hoy.es\/moterosdehoy\/wp-json\/wp\/v2\/posts\/1501\/revisions"}],"wp:attachment":[{"href":"https:\/\/blogs.hoy.es\/moterosdehoy\/wp-json\/wp\/v2\/media?parent=1501"}],"wp:term":[{"taxonomy":"category","embeddable":true,"href":"https:\/\/blogs.hoy.es\/moterosdehoy\/wp-json\/wp\/v2\/categories?post=1501"},{"taxonomy":"post_tag","embeddable":true,"href":"https:\/\/blogs.hoy.es\/moterosdehoy\/wp-json\/wp\/v2\/tags?post=1501"}],"curies":[{"name":"wp","href":"https:\/\/api.w.org\/{rel}","templated":true}]}}