{"id":1504,"date":"2015-03-23T22:21:41","date_gmt":"2015-03-23T22:21:41","guid":{"rendered":"http:\/\/blogs.hoy.es\/moterosdehoy\/?p=1504"},"modified":"2015-03-23T22:21:41","modified_gmt":"2015-03-23T22:21:41","slug":"boda-motera-en-badajoz","status":"publish","type":"post","link":"https:\/\/blogs.hoy.es\/moterosdehoy\/2015\/03\/23\/boda-motera-en-badajoz\/","title":{"rendered":"BODA MOTERA en Badajoz"},"content":{"rendered":"<p>Dicen que no hay dos sin tres, espero que en \u00e9ste caso no sea as\u00ed y a la segunda vaya la vencida.<\/p>\n<p><a href=\"\/moterosdehoy\/wp-content\/uploads\/sites\/45\/2015\/03\/Logo-Boda-Motera.jpg\"><img loading=\"lazy\" class=\"alignleft size-medium wp-image-1505\" title=\"Logo Boda Motera\" src=\"\/moterosdehoy\/wp-content\/uploads\/sites\/45\/2015\/03\/Logo-Boda-Motera.jpg\" alt=\"\" width=\"300\" height=\"226\" srcset=\"https:\/\/static-blogs.hoy.es\/wp-content\/uploads\/sites\/45\/2015\/03\/Logo-Boda-Motera.jpg 705w, https:\/\/static-blogs.hoy.es\/wp-content\/uploads\/sites\/45\/2015\/03\/Logo-Boda-Motera-300x226.jpg 300w\" sizes=\"(max-width: 300px) 100vw, 300px\" \/><\/a>El pr\u00f3ximo s\u00e1bado, 28 de marzo habr\u00e1 boda motera en Badajoz, como es evidente y el propio nombre lo indica habr\u00e1n muchos moteros y los novios ir\u00e1n en moto. La novia, conocida como Caipi en el mundo motero ir\u00e1 con su motocicleta, una Kawasaki Vulcan 800 y el novio, o en \u00e9ste caso yo mismo, ir\u00e9 con mi Kawasaki Vulcan 900.<\/p>\n<p>La boda tendr\u00e1 lugar a las 12:30 en el Ayuntamiento de Badajoz.<\/p>\n<p>La idea es reunirnos tanto asistentes a la boda, como moteros que quieran ver a los novios llegar o salir del Ayuntamiento en la <a title=\"Plaza de Espa\u00f1a de Badajoz en la web\" href=\"http:\/\/www.turismobadajoz.es\/es\/accordion-a\/plazas-y-edificios-singulares\/item\/88-la-plaza-de-espa%C3%B1a.html\" target=\"_blank\" rel=\"external nofollow\">Plaza de Espa\u00f1a de Badajoz<\/a>, para ello nos reuniremos a partir de las 11:30 horas, en el Bar &#8220;Horno Casero&#8221; de la misma Plaza. Como buenos moteros no pueden estar esperando a la novia en la puerta del Ayuntamiento, lo har\u00e1n en el bar, y una vez que llegue dar\u00e1n una peque\u00f1a vuelta alrededor de la Plaza, para llegar los novios y acompa\u00f1amiento motero juntos a la puerta del Ayuntamiento.<\/p>\n<p>Tras la ceremonia, al salir los novios del Ayuntamiento les tendr\u00e1n preparado un pasillo con los cascos alzados, por donde pasar\u00e1n para llegar a sus motos y partir\u00e1n hacia el lugar donde lo celebrar\u00e1n en familia.<\/p>\n<p>No tengo constancia de que hayan habido bodas moteras anteriores en Badajoz, pero en todo caso de seguro que si la hubo la novia no ir\u00eda en su propia motocicleta, por lo que ser\u00e1 todo un espect\u00e1culo.<\/p>\n<p><a href=\"\/moterosdehoy\/wp-content\/uploads\/sites\/45\/2015\/03\/2015-marzo-C\u00e1ceres.jpg\"><img loading=\"lazy\" class=\"alignright size-medium wp-image-1506\" title=\"2015 marzo C\u00e1ceres\" src=\"\/moterosdehoy\/wp-content\/uploads\/sites\/45\/2015\/03\/2015-marzo-C\u00e1ceres.jpg\" alt=\"\" width=\"212\" height=\"300\" srcset=\"https:\/\/static-blogs.hoy.es\/wp-content\/uploads\/sites\/45\/2015\/03\/2015-marzo-C\u00e1ceres.jpg 452w, https:\/\/static-blogs.hoy.es\/wp-content\/uploads\/sites\/45\/2015\/03\/2015-marzo-C\u00e1ceres-212x300.jpg 212w\" sizes=\"(max-width: 212px) 100vw, 212px\" \/><\/a>El resto de moteros que hayan querido acompa\u00f1arlos en los \u00faltimos instantes de solter\u00eda o tras la ceremonia, pueden aprovechar y desplazarse a C\u00e1ceres, donde habr\u00e1 una concentraci\u00f3n motera a favor de Nayra, con conciertos y por supuesto muy buen ambiente, para saber m\u00e1s sobre la <a title=\"KM's por NAYRA en C\u00e1ceres\" href=\"http:\/\/buitresleonaos.com\/events\/event\/kms-por-nayra\/\" target=\"_blank\" rel=\"external nofollow\">concentraci\u00f3n de C\u00e1ceres clic aqu\u00ed<\/a>. El lugar de encuentro ser\u00e1 en la Sala Bah\u00eda de C\u00e1ceres a partir de las 12 horas.<\/p>\n<p>Tener en cuenta que el encuentro a favor de Nayra se ha llevado a cabo en muchas partes del territorio nacional, pero en algunos casos se ha visto suspendido por el mal tiempo, de seguro que \u00e9ste fin de semana que viene no suceder\u00e1.<\/p>\n<p><a href=\"\/moterosdehoy\/wp-content\/uploads\/sites\/45\/2015\/03\/2015-marzo-Nogales.jpg\"><img loading=\"lazy\" class=\"alignleft size-medium wp-image-1507\" title=\"2015 marzo Nogales\" src=\"\/moterosdehoy\/wp-content\/uploads\/sites\/45\/2015\/03\/2015-marzo-Nogales.jpg\" alt=\"\" width=\"211\" height=\"300\" srcset=\"https:\/\/static-blogs.hoy.es\/wp-content\/uploads\/sites\/45\/2015\/03\/2015-marzo-Nogales.jpg 678w, https:\/\/static-blogs.hoy.es\/wp-content\/uploads\/sites\/45\/2015\/03\/2015-marzo-Nogales-212x300.jpg 212w\" sizes=\"(max-width: 211px) 100vw, 211px\" \/><\/a>Para los que no tengan bastante con la concentraci\u00f3n del d\u00eda 28 en C\u00e1ceres, el d\u00eda 29 hay otra en <a title=\"Nogales en wikipedia\" href=\"http:\/\/es.wikipedia.org\/wiki\/Nogales_%28Badajoz%29\" target=\"_blank\" rel=\"external nofollow\">Nogales<\/a> (Badajoz), en \u00e9sta \u00faltima habr\u00e1 tanto ruta para motos de carretera como otra para las de campo.<\/p>\n<p>En \u00e9ste caso el punto de encuentro ser\u00e1 en la Plaza del propio Nogales y las rutas tienen hora de comienzo a las 11 horas, por lo que acude antes si quieres tomar un caf\u00e9 o inscribirte, tienes m\u00e1s informaci\u00f3n en el cartel. Sino eres muy madrugador o simplemente llegas tarde, ambas rutas realizar\u00e1n una parada en el bar &#8220;La Taberna&#8221; de Salvale\u00f3n.<\/p>\n<p>Como pod\u00e9is ver nuevamente Extremadura tendr\u00e1 un fin de semana muy motero.<\/p>\n<p>Saludos y r\u00e1fagas.<\/p>\n<!-- AddThis Advanced Settings generic via filter on the_content --><!-- AddThis Share Buttons generic via filter on the_content -->","protected":false},"excerpt":{"rendered":"<p>Dicen que no hay dos sin tres, espero que en \u00e9ste caso no sea as\u00ed y a la segunda vaya la vencida. El pr\u00f3ximo s\u00e1bado, 28 de marzo habr\u00e1 boda motera en Badajoz, como es evidente y el propio nombre lo indica habr\u00e1n muchos moteros y los novios ir\u00e1n en moto. La novia, conocida como [&hellip;]<!-- AddThis Advanced Settings generic via filter on get_the_excerpt --><!-- AddThis Share Buttons generic via filter on get_the_excerpt --><\/p>\n","protected":false},"author":49,"featured_media":1505,"comment_status":"open","ping_status":"closed","sticky":false,"template":"","format":"standard","meta":[],"categories":[13],"tags":[116,216,557,611,613,622,624],"_links":{"self":[{"href":"https:\/\/blogs.hoy.es\/moterosdehoy\/wp-json\/wp\/v2\/posts\/1504"}],"collection":[{"href":"https:\/\/blogs.hoy.es\/moterosdehoy\/wp-json\/wp\/v2\/posts"}],"about":[{"href":"https:\/\/blogs.hoy.es\/moterosdehoy\/wp-json\/wp\/v2\/types\/post"}],"author":[{"embeddable":true,"href":"https:\/\/blogs.hoy.es\/moterosdehoy\/wp-json\/wp\/v2\/users\/49"}],"replies":[{"embeddable":true,"href":"https:\/\/blogs.hoy.es\/moterosdehoy\/wp-json\/wp\/v2\/comments?post=1504"}],"version-history":[{"count":0,"href":"https:\/\/blogs.hoy.es\/moterosdehoy\/wp-json\/wp\/v2\/posts\/1504\/revisions"}],"wp:featuredmedia":[{"embeddable":true,"href":"https:\/\/blogs.hoy.es\/moterosdehoy\/wp-json\/wp\/v2\/media\/1505"}],"wp:attachment":[{"href":"https:\/\/blogs.hoy.es\/moterosdehoy\/wp-json\/wp\/v2\/media?parent=1504"}],"wp:term":[{"taxonomy":"category","embeddable":true,"href":"https:\/\/blogs.hoy.es\/moterosdehoy\/wp-json\/wp\/v2\/categories?post=1504"},{"taxonomy":"post_tag","embeddable":true,"href":"https:\/\/blogs.hoy.es\/moterosdehoy\/wp-json\/wp\/v2\/tags?post=1504"}],"curies":[{"name":"wp","href":"https:\/\/api.w.org\/{rel}","templated":true}]}}