{"id":1509,"date":"2015-04-09T08:59:48","date_gmt":"2015-04-09T08:59:48","guid":{"rendered":"http:\/\/blogs.hoy.es\/moterosdehoy\/?p=1509"},"modified":"2015-04-09T08:59:48","modified_gmt":"2015-04-09T08:59:48","slug":"extrevespa-2015","status":"publish","type":"post","link":"https:\/\/blogs.hoy.es\/moterosdehoy\/2015\/04\/09\/extrevespa-2015\/","title":{"rendered":"EXTREVESPA 2015"},"content":{"rendered":"<p>Tal y como se puede apreciar en nuestras calles, las Vespas est\u00e1n teniendo un gran renacimiento. Son muchos los amantes de \u00e9ste tipo de motocicleta que se hacen de alguna y poco a poco la van poniendo al d\u00eda. Hay algunas que si se le quitase la matr\u00edcula y se pusiera en un concesionario pasar\u00eda por un modelo nuevo, pues hay restauraciones de muy alta calidad.<\/p>\n<p><a href=\"\/moterosdehoy\/wp-content\/uploads\/sites\/45\/2015\/04\/EXTREVESPA-2015.jpg\"><img loading=\"lazy\" class=\"alignleft size-medium wp-image-1510\" title=\"EXTREVESPA 2015\" src=\"\/moterosdehoy\/wp-content\/uploads\/sites\/45\/2015\/04\/EXTREVESPA-2015.jpg\" alt=\"\" width=\"211\" height=\"300\" srcset=\"https:\/\/static-blogs.hoy.es\/wp-content\/uploads\/sites\/45\/2015\/04\/EXTREVESPA-2015.jpg 678w, https:\/\/static-blogs.hoy.es\/wp-content\/uploads\/sites\/45\/2015\/04\/EXTREVESPA-2015-212x300.jpg 212w\" sizes=\"(max-width: 211px) 100vw, 211px\" \/><\/a>Dentro de Extremadura no nos vamos a quedar atr\u00e1s y han surgido ya varios Clubs vesperos, quiz\u00e1s muchos a mi parecer, ya son DIEZ, pero es preferible muchos grupos con poca gente, que uno muy grande, pues siempre habr\u00e1n desacuerdos y entre pocos es m\u00e1s f\u00e1cil llevarse mejor. Pero entre ellos hay una gran uni\u00f3n y la prueba est\u00e1 en el EXTREVESPA 2015, que se celebrar\u00e1 en <a title=\"Almendralejo en wikipedia\" href=\"http:\/\/es.wikipedia.org\/wiki\/Almendralejo\" target=\"_blank\" rel=\"external nofollow\">Almendralejo<\/a>, teniendo lugar los d\u00edas 18 y 19 de abril.<\/p>\n<p>Ya tienen preparado el programa de actividades, que por supuesto siempre puede sufrir cambios de \u00faltima hora que de seguro ser\u00e1 para entrar mejoras.<\/p>\n<p>Tienen previsto poder reunir entorno a 200 vespas, m\u00e1s de 400 personas, y mucho mucho p\u00fablico.<\/p>\n<h2>PROGRAMA:<\/h2>\n<p><strong>S\u00e1bado 18 de abril\u00a0<\/strong><br \/>\n16:00 a 20:00 h &#8211; Recibimiento de participantes y convivencia en el Bulevar de la Nueva Avenida de La Paz.<br \/>\n&#8211; Habr\u00e1 un photocall con una vespa para poder fotografiarse en ella.<br \/>\n&#8211; Entrega de adhesivos y promoci\u00f3n del esp\u00edritu vespa.<\/p>\n<p>21:30 h &#8211; Concierto de &#8220;The Rockest Coverband&#8221; en la Plaza de Toros de Almendralejo.<\/p>\n<p><strong>Domingo 19 de abril<\/strong><br \/>\n09:00 h &#8211; Inscripciones y recibimiento oficial Extrevespa 2015 (Plaza de Toros de Almendralejo)<br \/>\n&#8211; Desayuno de Migas con Cava.<br \/>\n&#8211; Posibilidad de visita al Museo de las Ciencias del Vino, Bodegas bajo la Plaza de Toros y al Parque de la Piedad.<\/p>\n<p>11:00 h &#8211; Ruta en Vespa por la Comarca de Tierra de Barros (50 kms)<\/p>\n<p>13:00 h &#8211; Llegada a la Avenida de La Paz.<br \/>\n&#8211; Homenaje al Cura Jes\u00fas, ilustre vespista almendralejense junto a su estatua, entrega de flores.<br \/>\n&#8211; Posteriromente, exposici\u00f3n de vespas en la Avenida para curiosos y convivencia vespera entre los participantes del Extrevespa y p\u00fablico en general.<\/p>\n<p>14:30 h &#8211; Comida de Extrevespa 2015 en el Restaurante La Silera.<br \/>\n&#8211; Acto Homenaje.<br \/>\n&#8211; Entrega de premios a los participantes.<\/p>\n<p>18:00 h &#8211; Despedida y clausura Extrevespa 2015<\/p>\n<p>Como puedes ver, todo un fin de semana de gran convivencia vespera, que aunque no dispongas de una de ellas de seguro que agradecer\u00e1n tu visita y muestra de apoyo.<\/p>\n<p>Saludos y r\u00e1fagas.<\/p>\n<!-- AddThis Advanced Settings generic via filter on the_content --><!-- AddThis Share Buttons generic via filter on the_content -->","protected":false},"excerpt":{"rendered":"<p>Tal y como se puede apreciar en nuestras calles, las Vespas est\u00e1n teniendo un gran renacimiento. Son muchos los amantes de \u00e9ste tipo de motocicleta que se hacen de alguna y poco a poco la van poniendo al d\u00eda. Hay algunas que si se le quitase la matr\u00edcula y se pusiera en un concesionario pasar\u00eda [&hellip;]<!-- AddThis Advanced Settings generic via filter on get_the_excerpt --><!-- AddThis Share Buttons generic via filter on get_the_excerpt --><\/p>\n","protected":false},"author":49,"featured_media":0,"comment_status":"open","ping_status":"closed","sticky":false,"template":"","format":"standard","meta":[],"categories":[13],"tags":[53,385,622,624],"_links":{"self":[{"href":"https:\/\/blogs.hoy.es\/moterosdehoy\/wp-json\/wp\/v2\/posts\/1509"}],"collection":[{"href":"https:\/\/blogs.hoy.es\/moterosdehoy\/wp-json\/wp\/v2\/posts"}],"about":[{"href":"https:\/\/blogs.hoy.es\/moterosdehoy\/wp-json\/wp\/v2\/types\/post"}],"author":[{"embeddable":true,"href":"https:\/\/blogs.hoy.es\/moterosdehoy\/wp-json\/wp\/v2\/users\/49"}],"replies":[{"embeddable":true,"href":"https:\/\/blogs.hoy.es\/moterosdehoy\/wp-json\/wp\/v2\/comments?post=1509"}],"version-history":[{"count":0,"href":"https:\/\/blogs.hoy.es\/moterosdehoy\/wp-json\/wp\/v2\/posts\/1509\/revisions"}],"wp:attachment":[{"href":"https:\/\/blogs.hoy.es\/moterosdehoy\/wp-json\/wp\/v2\/media?parent=1509"}],"wp:term":[{"taxonomy":"category","embeddable":true,"href":"https:\/\/blogs.hoy.es\/moterosdehoy\/wp-json\/wp\/v2\/categories?post=1509"},{"taxonomy":"post_tag","embeddable":true,"href":"https:\/\/blogs.hoy.es\/moterosdehoy\/wp-json\/wp\/v2\/tags?post=1509"}],"curies":[{"name":"wp","href":"https:\/\/api.w.org\/{rel}","templated":true}]}}