{"id":1512,"date":"2015-04-10T08:41:54","date_gmt":"2015-04-10T08:41:54","guid":{"rendered":"http:\/\/blogs.hoy.es\/moterosdehoy\/?p=1512"},"modified":"2015-04-10T08:41:54","modified_gmt":"2015-04-10T08:41:54","slug":"ii-concentracion-motera-almendral","status":"publish","type":"post","link":"https:\/\/blogs.hoy.es\/moterosdehoy\/2015\/04\/10\/ii-concentracion-motera-almendral\/","title":{"rendered":"II Concentraci\u00f3n motera Almendral"},"content":{"rendered":"<p>El pr\u00f3ximo <strong>domingo 12 de abril tendr\u00e1 lugar en la localidad de <a title=\"Almendral en wikipedia\" href=\"http:\/\/es.wikipedia.org\/wiki\/Almendral\" target=\"_blank\" rel=\"external nofollow\">Almendral<\/a><\/strong> (Badajoz) su segunda concentraci\u00f3n motera.<\/p>\n<p><a href=\"\/moterosdehoy\/wp-content\/uploads\/sites\/45\/2015\/04\/2015-Almendral.jpg\"><img loading=\"lazy\" class=\"alignleft size-medium wp-image-1513\" title=\"2015 Almendral\" src=\"\/moterosdehoy\/wp-content\/uploads\/sites\/45\/2015\/04\/2015-Almendral.jpg\" alt=\"\" width=\"300\" height=\"300\" srcset=\"https:\/\/static-blogs.hoy.es\/wp-content\/uploads\/sites\/45\/2015\/04\/2015-Almendral.jpg 640w, https:\/\/static-blogs.hoy.es\/wp-content\/uploads\/sites\/45\/2015\/04\/2015-Almendral-150x150.jpg 150w, https:\/\/static-blogs.hoy.es\/wp-content\/uploads\/sites\/45\/2015\/04\/2015-Almendral-300x300.jpg 300w\" sizes=\"(max-width: 300px) 100vw, 300px\" \/><\/a>Tan solo he localizado un cartel del evento y en el detallan algunos aspectos del programa, como que la quedada de encuentro tendr\u00e1 lugar <strong>en la Plaza Grande a las 10:00h, con una inscripci\u00f3n de 6 euros<\/strong>, que te dar\u00e1 acceso a comida, bebida y formar parte de sorteos, y premios.<\/p>\n<p>En el cartel aparece que habr\u00e1n dos rutas, una para campo y otra para carretera.<\/p>\n<p>No puedo indicaros m\u00e1s o menos que tipo de motos ser\u00e1 el m\u00e1s presente, refiri\u00e9ndome a custom, erres, naked, trail, campo&#8230; m\u00e1s que nada porque no lo organiza ning\u00fan club en el que est\u00e9n presentes algunas de ellas. Parece ser una concentraci\u00f3n en el que tras las inscripciones se realizar\u00e1n dos rutas diferentes, una para motocicletas de carretera y otra para las de campo, suponiendo que luego la hora de las ca\u00f1as ser\u00e1 conjunta para todos. Es de prever que funcionar\u00e1 porque dentro de la organizaci\u00f3n se encuentra el Excmo Ayuntamiento de la localidad, ayudado por pe\u00f1a los jamoneros y San Isidro.<\/p>\n<p>Seguro que ser\u00e1 un gran d\u00eda de convivencia motera y adem\u00e1s ayudar\u00e1 el buen tiempo. Siento no poder facilitaros m\u00e1s datos, como ruta, o en que consistir\u00e1 la comida, si habr\u00e1 m\u00fasica o conciertos, zona de sombra&#8230; dado que en el cartel no aparece ning\u00fan medio de contacto.<\/p>\n<p>Si quieres ver <a title=\"Fotos de Almendral 2015\" href=\"https:\/\/blogs.hoy.es\/moterosdehoy\/2015\/04\/13\/fotos-de-almendral\/\" target=\"_blank\">fotos de como transcurri\u00f3 clic aqu\u00ed<\/a>.<\/p>\n<p>Si quieres ver <a title=\"Enlace a concentraciones y quedadas moteras de abril 2015\" href=\"http:\/\/www.moterosdehoy.es\/2015\/04\/09\/concentraciones-y-kdds-moteras-en-abril-2015\/\" target=\"_blank\" rel=\"external nofollow\">otras concentraciones del mes clic aqu\u00ed<\/a>.<\/p>\n<p><a title=\"Enlace al facebook de Moteros de Hoy\" href=\"https:\/\/www.facebook.com\/moteroshoy\" target=\"_blank\" rel=\"external nofollow\">Saludos y r\u00e1fagas<\/a>.<\/p>\n<p>&nbsp;<\/p>\n<!-- AddThis Advanced Settings generic via filter on the_content --><!-- AddThis Share Buttons generic via filter on the_content -->","protected":false},"excerpt":{"rendered":"<p>El pr\u00f3ximo domingo 12 de abril tendr\u00e1 lugar en la localidad de Almendral (Badajoz) su segunda concentraci\u00f3n motera. Tan solo he localizado un cartel del evento y en el detallan algunos aspectos del programa, como que la quedada de encuentro tendr\u00e1 lugar en la Plaza Grande a las 10:00h, con una inscripci\u00f3n de 6 euros, [&hellip;]<!-- AddThis Advanced Settings generic via filter on get_the_excerpt --><!-- AddThis Share Buttons generic via filter on get_the_excerpt --><\/p>\n","protected":false},"author":49,"featured_media":0,"comment_status":"open","ping_status":"closed","sticky":false,"template":"","format":"standard","meta":[],"categories":[13],"tags":[52,479,613,622,641],"_links":{"self":[{"href":"https:\/\/blogs.hoy.es\/moterosdehoy\/wp-json\/wp\/v2\/posts\/1512"}],"collection":[{"href":"https:\/\/blogs.hoy.es\/moterosdehoy\/wp-json\/wp\/v2\/posts"}],"about":[{"href":"https:\/\/blogs.hoy.es\/moterosdehoy\/wp-json\/wp\/v2\/types\/post"}],"author":[{"embeddable":true,"href":"https:\/\/blogs.hoy.es\/moterosdehoy\/wp-json\/wp\/v2\/users\/49"}],"replies":[{"embeddable":true,"href":"https:\/\/blogs.hoy.es\/moterosdehoy\/wp-json\/wp\/v2\/comments?post=1512"}],"version-history":[{"count":0,"href":"https:\/\/blogs.hoy.es\/moterosdehoy\/wp-json\/wp\/v2\/posts\/1512\/revisions"}],"wp:attachment":[{"href":"https:\/\/blogs.hoy.es\/moterosdehoy\/wp-json\/wp\/v2\/media?parent=1512"}],"wp:term":[{"taxonomy":"category","embeddable":true,"href":"https:\/\/blogs.hoy.es\/moterosdehoy\/wp-json\/wp\/v2\/categories?post=1512"},{"taxonomy":"post_tag","embeddable":true,"href":"https:\/\/blogs.hoy.es\/moterosdehoy\/wp-json\/wp\/v2\/tags?post=1512"}],"curies":[{"name":"wp","href":"https:\/\/api.w.org\/{rel}","templated":true}]}}