{"id":1514,"date":"2015-04-13T08:34:28","date_gmt":"2015-04-13T08:34:28","guid":{"rendered":"http:\/\/blogs.hoy.es\/moterosdehoy\/?p=1514"},"modified":"2015-04-13T08:34:28","modified_gmt":"2015-04-13T08:34:28","slug":"fotos-de-almendral","status":"publish","type":"post","link":"https:\/\/blogs.hoy.es\/moterosdehoy\/2015\/04\/13\/fotos-de-almendral\/","title":{"rendered":"Fotos de Almendral"},"content":{"rendered":"<p>Ya tuvo lugar la segunda <a title=\"Cartel del evento\" href=\"https:\/\/blogs.hoy.es\/moterosdehoy\/2015\/04\/10\/ii-concentracion-motera-almendral\/\" target=\"_blank\">concentraci\u00f3n motera de Almendral<\/a> (Badajoz) y como era de esperar fue un gran d\u00eda de encuentro motero.<\/p>\n<p>En Almendral hay mucha afici\u00f3n a los quads, por lo que la concentraci\u00f3n tuvo dos puntos de vista, por un lado motos, realizando una ruta por carretera y por otro quads que lo hicieron por campo. Ambas rutas coincidieron en Salvatierra de los Barros, y nuevamente a su fin en Almendral, donde en la plaza ten\u00edan preparada comida, bebida y m\u00fasica, para pasar un gran d\u00eda.<\/p>\n<p>Os dejo unas fotos para los que no pudisteis ir os hag\u00e1is una idea y en alguna otra edici\u00f3n os anim\u00e9is a asistir.<\/p>\n\n\t\t<style type=\"text\/css\">\n\t\t\t#gallery-1 {\n\t\t\t\tmargin: auto;\n\t\t\t}\n\t\t\t#gallery-1 .gallery-item {\n\t\t\t\tfloat: left;\n\t\t\t\tmargin-top: 10px;\n\t\t\t\ttext-align: center;\n\t\t\t\twidth: 25%;\n\t\t\t}\n\t\t\t#gallery-1 img {\n\t\t\t\tborder: 2px solid #cfcfcf;\n\t\t\t}\n\t\t\t#gallery-1 .gallery-caption {\n\t\t\t\tmargin-left: 0;\n\t\t\t}\n\t\t\t\/* see gallery_shortcode() in wp-includes\/media.php *\/\n\t\t<\/style>\n\t\t<div id='gallery-1' class='gallery galleryid-1514 gallery-columns-4 gallery-size-thumbnail'><dl class='gallery-item'>\n\t\t\t<dt class='gallery-icon landscape'>\n\t\t\t\t<a href=\"https:\/\/static-blogs.hoy.es\/wp-content\/uploads\/sites\/45\/2015\/04\/image1.jpeg\"><img width=\"150\" height=\"150\" src=\"https:\/\/static-blogs.hoy.es\/wp-content\/uploads\/sites\/45\/2015\/04\/image1-150x150.jpeg\" class=\"attachment-thumbnail size-thumbnail\" alt=\"\" loading=\"lazy\" \/><\/a>\n\t\t\t<\/dt><\/dl><dl class='gallery-item'>\n\t\t\t<dt class='gallery-icon portrait'>\n\t\t\t\t<a href=\"https:\/\/static-blogs.hoy.es\/wp-content\/uploads\/sites\/45\/2015\/04\/image2.jpeg\"><img width=\"150\" height=\"150\" src=\"https:\/\/static-blogs.hoy.es\/wp-content\/uploads\/sites\/45\/2015\/04\/image2-150x150.jpeg\" class=\"attachment-thumbnail size-thumbnail\" alt=\"\" loading=\"lazy\" \/><\/a>\n\t\t\t<\/dt><\/dl><dl class='gallery-item'>\n\t\t\t<dt class='gallery-icon landscape'>\n\t\t\t\t<a href=\"https:\/\/static-blogs.hoy.es\/wp-content\/uploads\/sites\/45\/2015\/04\/image3.jpeg\"><img width=\"150\" height=\"150\" src=\"https:\/\/static-blogs.hoy.es\/wp-content\/uploads\/sites\/45\/2015\/04\/image3-150x150.jpeg\" class=\"attachment-thumbnail size-thumbnail\" alt=\"\" loading=\"lazy\" \/><\/a>\n\t\t\t<\/dt><\/dl><dl class='gallery-item'>\n\t\t\t<dt class='gallery-icon landscape'>\n\t\t\t\t<a href=\"https:\/\/static-blogs.hoy.es\/wp-content\/uploads\/sites\/45\/2015\/04\/image4.jpeg\"><img width=\"150\" height=\"150\" src=\"https:\/\/static-blogs.hoy.es\/wp-content\/uploads\/sites\/45\/2015\/04\/image4-150x150.jpeg\" class=\"attachment-thumbnail size-thumbnail\" alt=\"\" loading=\"lazy\" \/><\/a>\n\t\t\t<\/dt><\/dl><br style=\"clear: both\" \/><dl class='gallery-item'>\n\t\t\t<dt class='gallery-icon portrait'>\n\t\t\t\t<a href=\"https:\/\/static-blogs.hoy.es\/wp-content\/uploads\/sites\/45\/2015\/04\/image5-e1428913479425.jpeg\"><img width=\"150\" height=\"150\" src=\"https:\/\/static-blogs.hoy.es\/wp-content\/uploads\/sites\/45\/2015\/04\/image5-e1428913479425-150x150.jpeg\" class=\"attachment-thumbnail size-thumbnail\" alt=\"\" loading=\"lazy\" \/><\/a>\n\t\t\t<\/dt><\/dl><dl class='gallery-item'>\n\t\t\t<dt class='gallery-icon landscape'>\n\t\t\t\t<a href=\"https:\/\/static-blogs.hoy.es\/wp-content\/uploads\/sites\/45\/2015\/04\/image6.jpeg\"><img width=\"150\" height=\"150\" src=\"https:\/\/static-blogs.hoy.es\/wp-content\/uploads\/sites\/45\/2015\/04\/image6-150x150.jpeg\" class=\"attachment-thumbnail size-thumbnail\" alt=\"\" loading=\"lazy\" \/><\/a>\n\t\t\t<\/dt><\/dl><dl class='gallery-item'>\n\t\t\t<dt class='gallery-icon landscape'>\n\t\t\t\t<a href=\"https:\/\/static-blogs.hoy.es\/wp-content\/uploads\/sites\/45\/2015\/04\/image7.jpeg\"><img width=\"150\" height=\"150\" src=\"https:\/\/static-blogs.hoy.es\/wp-content\/uploads\/sites\/45\/2015\/04\/image7-150x150.jpeg\" class=\"attachment-thumbnail size-thumbnail\" alt=\"\" loading=\"lazy\" \/><\/a>\n\t\t\t<\/dt><\/dl><dl class='gallery-item'>\n\t\t\t<dt class='gallery-icon portrait'>\n\t\t\t\t<a href=\"https:\/\/static-blogs.hoy.es\/wp-content\/uploads\/sites\/45\/2015\/04\/image8-e1428913436845.jpeg\"><img width=\"150\" height=\"150\" src=\"https:\/\/static-blogs.hoy.es\/wp-content\/uploads\/sites\/45\/2015\/04\/image8-e1428913436845-150x150.jpeg\" class=\"attachment-thumbnail size-thumbnail\" alt=\"\" loading=\"lazy\" \/><\/a>\n\t\t\t<\/dt><\/dl><br style=\"clear: both\" \/>\n\t\t<\/div>\n\n<p>Como se puede apreciar en las fotos hab\u00edan motos antiguas, las hab\u00eda de varios pa\u00edses y la de edad m\u00e1s avanzada sali\u00f3 de fabrica por el 1930, una pena que no pasaran antes por un poquito de limpieza, pues algunas ten\u00edan grasa de sus a\u00f1os mozos.<\/p>\n<p>Por dar un toque de atenci\u00f3n y con la idea de que en a\u00f1os sucesivos puedan estar algo m\u00e1s pendientes, los colegas de los quads deben tener en cuenta que las papeleras tambi\u00e9n son para ellos y cuando se den una duchita con agua para quitarse tierra, pueden tirar la botella vac\u00eda a alg\u00fan contenedor. Seguro que pas\u00f3 ese d\u00eda en concreto y no es una cosa que suela pasar.<\/p>\n<p>Saludos y r\u00e1fagas.<\/p>\n<!-- AddThis Advanced Settings generic via filter on the_content --><!-- AddThis Share Buttons generic via filter on the_content -->","protected":false},"excerpt":{"rendered":"<p>Ya tuvo lugar la segunda concentraci\u00f3n motera de Almendral (Badajoz) y como era de esperar fue un gran d\u00eda de encuentro motero. En Almendral hay mucha afici\u00f3n a los quads, por lo que la concentraci\u00f3n tuvo dos puntos de vista, por un lado motos, realizando una ruta por carretera y por otro quads que lo [&hellip;]<!-- AddThis Advanced Settings generic via filter on get_the_excerpt --><!-- AddThis Share Buttons generic via filter on get_the_excerpt --><\/p>\n","protected":false},"author":49,"featured_media":1519,"comment_status":"open","ping_status":"closed","sticky":false,"template":"","format":"standard","meta":[],"categories":[13],"tags":[414,613,622,673,696,814],"_links":{"self":[{"href":"https:\/\/blogs.hoy.es\/moterosdehoy\/wp-json\/wp\/v2\/posts\/1514"}],"collection":[{"href":"https:\/\/blogs.hoy.es\/moterosdehoy\/wp-json\/wp\/v2\/posts"}],"about":[{"href":"https:\/\/blogs.hoy.es\/moterosdehoy\/wp-json\/wp\/v2\/types\/post"}],"author":[{"embeddable":true,"href":"https:\/\/blogs.hoy.es\/moterosdehoy\/wp-json\/wp\/v2\/users\/49"}],"replies":[{"embeddable":true,"href":"https:\/\/blogs.hoy.es\/moterosdehoy\/wp-json\/wp\/v2\/comments?post=1514"}],"version-history":[{"count":0,"href":"https:\/\/blogs.hoy.es\/moterosdehoy\/wp-json\/wp\/v2\/posts\/1514\/revisions"}],"wp:featuredmedia":[{"embeddable":true,"href":"https:\/\/blogs.hoy.es\/moterosdehoy\/wp-json\/wp\/v2\/media\/1519"}],"wp:attachment":[{"href":"https:\/\/blogs.hoy.es\/moterosdehoy\/wp-json\/wp\/v2\/media?parent=1514"}],"wp:term":[{"taxonomy":"category","embeddable":true,"href":"https:\/\/blogs.hoy.es\/moterosdehoy\/wp-json\/wp\/v2\/categories?post=1514"},{"taxonomy":"post_tag","embeddable":true,"href":"https:\/\/blogs.hoy.es\/moterosdehoy\/wp-json\/wp\/v2\/tags?post=1514"}],"curies":[{"name":"wp","href":"https:\/\/api.w.org\/{rel}","templated":true}]}}