{"id":1525,"date":"2015-04-15T14:25:20","date_gmt":"2015-04-15T14:25:20","guid":{"rendered":"http:\/\/blogs.hoy.es\/moterosdehoy\/?p=1525"},"modified":"2015-04-15T14:25:20","modified_gmt":"2015-04-15T14:25:20","slug":"octavo-aniversario-birras-mil","status":"publish","type":"post","link":"https:\/\/blogs.hoy.es\/moterosdehoy\/2015\/04\/15\/octavo-aniversario-birras-mil\/","title":{"rendered":"Octavo aniversario Birras Mil"},"content":{"rendered":"<p>Muchos no habr\u00e9is o\u00eddo hablar del grupo Birras Mil, algunos si, pero para todos aqu\u00ed vienen con su octava edici\u00f3n de su concentraci\u00f3n motera.<\/p>\n<p><a href=\"\/moterosdehoy\/wp-content\/uploads\/sites\/45\/2015\/04\/2015-Birras-MIl.jpg\"><img loading=\"lazy\" class=\"alignleft size-medium wp-image-1526\" title=\"2015 Birras MIl\" src=\"\/moterosdehoy\/wp-content\/uploads\/sites\/45\/2015\/04\/2015-Birras-MIl.jpg\" alt=\"\" width=\"230\" height=\"300\" srcset=\"https:\/\/static-blogs.hoy.es\/wp-content\/uploads\/sites\/45\/2015\/04\/2015-Birras-MIl.jpg 304w, https:\/\/static-blogs.hoy.es\/wp-content\/uploads\/sites\/45\/2015\/04\/2015-Birras-MIl-231x300.jpg 231w\" sizes=\"(max-width: 230px) 100vw, 230px\" \/><\/a>Una concentraci\u00f3n motera de verdad, de las de antes, de los moteros. <strong>Habr\u00e1 mucha custom<\/strong>. Una concentraci\u00f3n sin programaci\u00f3n, con la \u00fanica intenci\u00f3n de pasar un fin de semana cojonudo, con m\u00fasica y cerveza. No habr\u00e1n miles de motos y posiblemente tampoco miles de personas, pero se pasar\u00e1 en grande. Tras \u00e9sta presentaci\u00f3n la verdad es que no cabe decir mucho m\u00e1s, salvo &#8220;pon gasolina en la moto&#8221; y ponte en marcha hacia <a title=\"Madrigal de la Vera en wikipedia\" href=\"http:\/\/es.wikipedia.org\/wiki\/Madrigal_de_la_Vera\" target=\"_blank\" rel=\"external nofollow\">Madrigal de la Vera<\/a> (C\u00e1ceres), pues el <strong>s\u00e1bado 18 de abril<\/strong> tendr\u00e1 lugar la concentraci\u00f3n.<\/p>\n<p>Hay que decir que la noche del s\u00e1bado al domingo no estar\u00e1 vac\u00eda y habr\u00e1 mucha marcha. Por lo dem\u00e1s, no te preocupes, ves y cu\u00e9ntalo, no dejes que te lo cuenten.<\/p>\n<p>A pocos metros de donde tendr\u00e1 lugar la concentraci\u00f3n hay dos campings, y aunque no dan una programaci\u00f3n dan una relaci\u00f3n de lugares donde poder alojarte, comer o beber, que para no perderte por internet aqu\u00ed la paso:<\/p>\n<p>Hostal Victoria, tel\u00e9fono 927565110, Carretera de Plasencia, 3.<br \/>\nHoster\u00eda las Palmeras 927565011. Carretera de Plasencia, 16.<br \/>\nEl Atalanto, apartamento rural 645941179 C\/Seis de agosto, 10.<br \/>\nCasa Rural La Casa del Holand\u00e9s.669765160 C\/Fuente vieja. Junto a Garganta Alardos, a 5-10 minutos andando desde el centro del pueblo ( en moto un minuto)<br \/>\n<strong>Camping<\/strong> Alardos. 927 56 50 66. Carretera Candeleda, s-n, 10480 Madrigal de la Vera, C\u00e1ceres<br \/>\nCasa Rural Puerta de la Vera. C\/ seis de agosto, 30. Madrigal de la Vera<br \/>\n<strong>Camping<\/strong> complejo La Mata .927565238.Calle Garganta de Alardos, 39,<br \/>\nHotel Cardenillo, 926565121 C\/Garganta de Alardos, 36.<br \/>\nCasa Rural La Piedrapipa. C\/Almanzor, 20. 618 780 916.Casa Rural El Castuo, telefono 677768181, C\/La Joya de Madrigal de la Vera<\/p>\n<div>\n<p><strong>COMER<\/strong><br \/>\nRestaurante Alhambra. Tel\u00e9fono: 927565272. Carretera Plasencia, 9.<br \/>\nHostal Restaurante Victoria 927565110. Carretera Plasencia, 9<br \/>\nRestaurante Los Enebros. Tel\u00e9fono 607186375.<br \/>\nRestaurante El Legio. C\/Cuatro caminos, 2. Tel\u00e9fono 722113537.<br \/>\nRestaurante La Casa Del Holandes. C\/Fuente vieja. Tel\u00e9fono 69765160.<br \/>\nRestaurantel Cardenillo, 926565121 C\/Garganta de Alardos, 36.<br \/>\nRestaurante Alardos, 927565033..<br \/>\nHamburguesar\u00eda Tombru. Telefono 927 565 653<br \/>\nCamera Bar y restaurante, Carretera de Plasencia. 670002266<\/p>\n<p><strong>BARES<\/strong> EN MADRIGAL DE LA VERA<br \/>\nBAR MARI, EL MORENO, <strong>IZIRIS<\/strong>, LOS ROSALES, LEGIO, CAF\u00c9 BAR URBANO, CHURRERIA INCHO, CASA TITO, BAR CRUCE DE LA VERA, K&#8217;PI\u00d1O Y BAR COPAS PIDIO.<\/p>\n<p>Saludos y r\u00e1fagas.<\/p>\n<\/div>\n<!-- AddThis Advanced Settings generic via filter on the_content --><!-- AddThis Share Buttons generic via filter on the_content -->","protected":false},"excerpt":{"rendered":"<p>Muchos no habr\u00e9is o\u00eddo hablar del grupo Birras Mil, algunos si, pero para todos aqu\u00ed vienen con su octava edici\u00f3n de su concentraci\u00f3n motera. Una concentraci\u00f3n motera de verdad, de las de antes, de los moteros. Habr\u00e1 mucha custom. Una concentraci\u00f3n sin programaci\u00f3n, con la \u00fanica intenci\u00f3n de pasar un fin de semana cojonudo, con [&hellip;]<!-- AddThis Advanced Settings generic via filter on get_the_excerpt --><!-- AddThis Share Buttons generic via filter on get_the_excerpt --><\/p>\n","protected":false},"author":49,"featured_media":0,"comment_status":"open","ping_status":"closed","sticky":false,"template":"","format":"standard","meta":[],"categories":[13],"tags":[110,622,624,701],"_links":{"self":[{"href":"https:\/\/blogs.hoy.es\/moterosdehoy\/wp-json\/wp\/v2\/posts\/1525"}],"collection":[{"href":"https:\/\/blogs.hoy.es\/moterosdehoy\/wp-json\/wp\/v2\/posts"}],"about":[{"href":"https:\/\/blogs.hoy.es\/moterosdehoy\/wp-json\/wp\/v2\/types\/post"}],"author":[{"embeddable":true,"href":"https:\/\/blogs.hoy.es\/moterosdehoy\/wp-json\/wp\/v2\/users\/49"}],"replies":[{"embeddable":true,"href":"https:\/\/blogs.hoy.es\/moterosdehoy\/wp-json\/wp\/v2\/comments?post=1525"}],"version-history":[{"count":0,"href":"https:\/\/blogs.hoy.es\/moterosdehoy\/wp-json\/wp\/v2\/posts\/1525\/revisions"}],"wp:attachment":[{"href":"https:\/\/blogs.hoy.es\/moterosdehoy\/wp-json\/wp\/v2\/media?parent=1525"}],"wp:term":[{"taxonomy":"category","embeddable":true,"href":"https:\/\/blogs.hoy.es\/moterosdehoy\/wp-json\/wp\/v2\/categories?post=1525"},{"taxonomy":"post_tag","embeddable":true,"href":"https:\/\/blogs.hoy.es\/moterosdehoy\/wp-json\/wp\/v2\/tags?post=1525"}],"curies":[{"name":"wp","href":"https:\/\/api.w.org\/{rel}","templated":true}]}}