{"id":1527,"date":"2015-04-15T19:26:54","date_gmt":"2015-04-15T19:26:54","guid":{"rendered":"http:\/\/blogs.hoy.es\/moterosdehoy\/?p=1527"},"modified":"2015-04-15T19:26:54","modified_gmt":"2015-04-15T19:26:54","slug":"reunion-motera-solidaria-en-zahinos","status":"publish","type":"post","link":"https:\/\/blogs.hoy.es\/moterosdehoy\/2015\/04\/15\/reunion-motera-solidaria-en-zahinos\/","title":{"rendered":"Reuni\u00f3n motera solidaria en Zahinos"},"content":{"rendered":"<p>La pe\u00f1a motera &#8220;Alkornomotos&#8221; de la localidad de <a title=\"Zahinos en wikipedia\" href=\"http:\/\/es.wikipedia.org\/wiki\/Zah%C3%ADnos\" target=\"_blank\" rel=\"external nofollow\">Zahinos<\/a> (Badajoz), nos trae su 4\u00aa Reuni\u00f3n motera solidaria Alkornomotos.<\/p>\n<p><a href=\"\/moterosdehoy\/wp-content\/uploads\/sites\/45\/2015\/04\/2015-abril-Zahinos.jpg\"><img loading=\"lazy\" class=\"alignleft size-medium wp-image-1528\" title=\"2015 abril Zahinos\" src=\"\/moterosdehoy\/wp-content\/uploads\/sites\/45\/2015\/04\/2015-abril-Zahinos.jpg\" alt=\"\" width=\"211\" height=\"300\" srcset=\"https:\/\/static-blogs.hoy.es\/wp-content\/uploads\/sites\/45\/2015\/04\/2015-abril-Zahinos.jpg 471w, https:\/\/static-blogs.hoy.es\/wp-content\/uploads\/sites\/45\/2015\/04\/2015-abril-Zahinos-211x300.jpg 211w\" sizes=\"(max-width: 211px) 100vw, 211px\" \/><\/a>Tendr\u00e1 lugar el <strong>domingo d\u00eda 19 de abril<\/strong>, que mejor lugar que en su localidad y de donde todos los beneficios que puedan obtener ir\u00e1n destinados a la Fundaci\u00f3n Banco de Alimentos de Badajoz.<\/p>\n<p>Dentro del programa tienen previsto:<\/p>\n<p>&#8211; De 09:30 a 10:30 horas desayuno.<\/p>\n<p>&#8211; 11:30 horas ruta, <a title=\"Trayecto\" href=\"https:\/\/www.google.com\/maps\/d\/embed?mid=zROUM5uppfbs.kZs2HdPaqcWk\">si quieres ver el trayecto clic aqui<\/a><\/p>\n<p>&#8211; 14:00 horas comida.<\/p>\n<p>Durante la ruta realizar\u00e1n una parada en la localidad de Fregenal de la Sierra, donde los colegas de la Pe\u00f1a motera Los Vend\u00edos, han preparado un refrigerio con un suculento picoteo.<\/p>\n<p>\u00c9sta concentraci\u00f3n tiene gran aceptaci\u00f3n motera, as\u00ed que si quieres pasar un gran d\u00eda entre colegas no dudes en darte una vuelta por all\u00ed, adem\u00e1s tiene car\u00e1cter solidario.<\/p>\n<p>El evento est\u00e1 abierto a todo el p\u00fablico que quiera asistir y tiene una inscripci\u00f3n de 8 euros. Saca tu esp\u00edritu solidario y ac\u00e9rcate a pasar un buen rato.<\/p>\n<p>Saludos y r\u00e1fagas.<\/p>\n<!-- AddThis Advanced Settings generic via filter on the_content --><!-- AddThis Share Buttons generic via filter on the_content -->","protected":false},"excerpt":{"rendered":"<p>La pe\u00f1a motera &#8220;Alkornomotos&#8221; de la localidad de Zahinos (Badajoz), nos trae su 4\u00aa Reuni\u00f3n motera solidaria Alkornomotos. Tendr\u00e1 lugar el domingo d\u00eda 19 de abril, que mejor lugar que en su localidad y de donde todos los beneficios que puedan obtener ir\u00e1n destinados a la Fundaci\u00f3n Banco de Alimentos de Badajoz. Dentro del programa [&hellip;]<!-- AddThis Advanced Settings generic via filter on get_the_excerpt --><!-- AddThis Share Buttons generic via filter on get_the_excerpt --><\/p>\n","protected":false},"author":49,"featured_media":0,"comment_status":"open","ping_status":"closed","sticky":false,"template":"","format":"standard","meta":[],"categories":[13],"tags":[622,626,696,759,1039],"_links":{"self":[{"href":"https:\/\/blogs.hoy.es\/moterosdehoy\/wp-json\/wp\/v2\/posts\/1527"}],"collection":[{"href":"https:\/\/blogs.hoy.es\/moterosdehoy\/wp-json\/wp\/v2\/posts"}],"about":[{"href":"https:\/\/blogs.hoy.es\/moterosdehoy\/wp-json\/wp\/v2\/types\/post"}],"author":[{"embeddable":true,"href":"https:\/\/blogs.hoy.es\/moterosdehoy\/wp-json\/wp\/v2\/users\/49"}],"replies":[{"embeddable":true,"href":"https:\/\/blogs.hoy.es\/moterosdehoy\/wp-json\/wp\/v2\/comments?post=1527"}],"version-history":[{"count":0,"href":"https:\/\/blogs.hoy.es\/moterosdehoy\/wp-json\/wp\/v2\/posts\/1527\/revisions"}],"wp:attachment":[{"href":"https:\/\/blogs.hoy.es\/moterosdehoy\/wp-json\/wp\/v2\/media?parent=1527"}],"wp:term":[{"taxonomy":"category","embeddable":true,"href":"https:\/\/blogs.hoy.es\/moterosdehoy\/wp-json\/wp\/v2\/categories?post=1527"},{"taxonomy":"post_tag","embeddable":true,"href":"https:\/\/blogs.hoy.es\/moterosdehoy\/wp-json\/wp\/v2\/tags?post=1527"}],"curies":[{"name":"wp","href":"https:\/\/api.w.org\/{rel}","templated":true}]}}