{"id":1530,"date":"2015-04-19T19:25:56","date_gmt":"2015-04-19T19:25:56","guid":{"rendered":"http:\/\/blogs.hoy.es\/moterosdehoy\/?p=1530"},"modified":"2015-04-19T19:25:56","modified_gmt":"2015-04-19T19:25:56","slug":"concentracion-motera-en-san-pedro-de-merida","status":"publish","type":"post","link":"https:\/\/blogs.hoy.es\/moterosdehoy\/2015\/04\/19\/concentracion-motera-en-san-pedro-de-merida\/","title":{"rendered":"Concentraci\u00f3n motera en San Pedro de M\u00e9rida"},"content":{"rendered":"<p>Pronto llegar\u00e1n grandes concentraciones moteras en nuestra pen\u00ednsula para los que muchos ya llevan tiempo engordando la hucha, como Jerez o Faro, pero aqu\u00ed en Badajoz siguen las concentras y \u00e9sta por ejemplo te puede salir baratita, que adem\u00e1s han realizado el esfuerzo de adelantarla para no coincidir con las anteriores y as\u00ed podamos disfrutarla.<\/p>\n<p>Bajo el nombre de <strong>V Kedada moteta Moto Club 0,24\u00ba<\/strong>, los d\u00edas <strong>25 y 26 de abril<\/strong> 2015 tendr\u00e1 lugar en <a title=\"San Pedro de M\u00e9rida en wikipedia\" href=\"http:\/\/es.wikipedia.org\/wiki\/San_Pedro_de_M%C3%A9rida\" target=\"_blank\" rel=\"external nofollow\">San Pedro de M\u00e9rida<\/a> (Badajoz) tal y como el propio nombre del evento indica, su quinta quedada motera y como en ocasiones anteriores, vendr\u00e1 de la mano del motoclub de la localidad, Moto Club 0,24\u00ba.<\/p>\n<p><a href=\"\/moterosdehoy\/wp-content\/uploads\/sites\/45\/2015\/04\/2015-San-Pedro-de-M\u00e9rida.jpg\"><img loading=\"lazy\" class=\"alignleft size-medium wp-image-1531\" title=\"2015 San Pedro de M\u00e9rida\" src=\"\/moterosdehoy\/wp-content\/uploads\/sites\/45\/2015\/04\/2015-San-Pedro-de-M\u00e9rida.jpg\" alt=\"\" width=\"300\" height=\"225\" srcset=\"https:\/\/static-blogs.hoy.es\/wp-content\/uploads\/sites\/45\/2015\/04\/2015-San-Pedro-de-M\u00e9rida.jpg 1600w, https:\/\/static-blogs.hoy.es\/wp-content\/uploads\/sites\/45\/2015\/04\/2015-San-Pedro-de-M\u00e9rida-300x225.jpg 300w, https:\/\/static-blogs.hoy.es\/wp-content\/uploads\/sites\/45\/2015\/04\/2015-San-Pedro-de-M\u00e9rida-768x576.jpg 768w, https:\/\/static-blogs.hoy.es\/wp-content\/uploads\/sites\/45\/2015\/04\/2015-San-Pedro-de-M\u00e9rida-1024x768.jpg 1024w\" sizes=\"(max-width: 300px) 100vw, 300px\" \/><\/a>PROGRAMACI\u00d3N<\/p>\n<p>S\u00e1bado 25 abril:<\/p>\n<p>A partir de las 13:00 horas <strong>caldereta, paella y una consumici\u00f3n gratis<\/strong> para todos los que acudan en moto. Actuaci\u00f3n del piloto de <a title=\"Enlace al facebook de Luis USA\" href=\"https:\/\/www.facebook.com\/USASTUNT\" target=\"_blank\" rel=\"external nofollow\">Stunt Luis USA<\/a> y m\u00fasica de DJ Salva, juegos, sorteos y regalos.<\/p>\n<p>Domingo 26 abril:<\/p>\n<p>A partir de las 09:30 horas <strong>desayuno con migas<\/strong>, obsequio de Hostal Restaurante Kavanna. Ruta por los pueblos de la zona y de vuelta, aperitivo obsequio de Discoteca Los Rosales.<\/p>\n<p>Como puedes ver todo un fin de semana motero, para poder disfrutar de la moto y conocer colegas moteros. En ediciones anteriores aunque hab\u00eda todo tipo de motos prevalec\u00edan erres y naked. An\u00edmate a pasar y no te arrepentir\u00e1s.<\/p>\n<p>Saludos y r\u00e1fagas.<\/p>\n<!-- AddThis Advanced Settings generic via filter on the_content --><!-- AddThis Share Buttons generic via filter on the_content -->","protected":false},"excerpt":{"rendered":"<p>Pronto llegar\u00e1n grandes concentraciones moteras en nuestra pen\u00ednsula para los que muchos ya llevan tiempo engordando la hucha, como Jerez o Faro, pero aqu\u00ed en Badajoz siguen las concentras y \u00e9sta por ejemplo te puede salir baratita, que adem\u00e1s han realizado el esfuerzo de adelantarla para no coincidir con las anteriores y as\u00ed podamos disfrutarla. [&hellip;]<!-- AddThis Advanced Settings generic via filter on get_the_excerpt --><!-- AddThis Share Buttons generic via filter on get_the_excerpt --><\/p>\n","protected":false},"author":49,"featured_media":0,"comment_status":"open","ping_status":"closed","sticky":false,"template":"","format":"standard","meta":[],"categories":[13],"tags":[241,343,611,613,622,624,910,972],"_links":{"self":[{"href":"https:\/\/blogs.hoy.es\/moterosdehoy\/wp-json\/wp\/v2\/posts\/1530"}],"collection":[{"href":"https:\/\/blogs.hoy.es\/moterosdehoy\/wp-json\/wp\/v2\/posts"}],"about":[{"href":"https:\/\/blogs.hoy.es\/moterosdehoy\/wp-json\/wp\/v2\/types\/post"}],"author":[{"embeddable":true,"href":"https:\/\/blogs.hoy.es\/moterosdehoy\/wp-json\/wp\/v2\/users\/49"}],"replies":[{"embeddable":true,"href":"https:\/\/blogs.hoy.es\/moterosdehoy\/wp-json\/wp\/v2\/comments?post=1530"}],"version-history":[{"count":0,"href":"https:\/\/blogs.hoy.es\/moterosdehoy\/wp-json\/wp\/v2\/posts\/1530\/revisions"}],"wp:attachment":[{"href":"https:\/\/blogs.hoy.es\/moterosdehoy\/wp-json\/wp\/v2\/media?parent=1530"}],"wp:term":[{"taxonomy":"category","embeddable":true,"href":"https:\/\/blogs.hoy.es\/moterosdehoy\/wp-json\/wp\/v2\/categories?post=1530"},{"taxonomy":"post_tag","embeddable":true,"href":"https:\/\/blogs.hoy.es\/moterosdehoy\/wp-json\/wp\/v2\/tags?post=1530"}],"curies":[{"name":"wp","href":"https:\/\/api.w.org\/{rel}","templated":true}]}}